{"id":115019,"date":"2023-03-09T08:50:42","date_gmt":"2023-03-09T11:50:42","guid":{"rendered":"https:\/\/acs.org.br\/antigo\/?p=115019"},"modified":"2023-03-09T08:50:42","modified_gmt":"2023-03-09T11:50:42","slug":"economia-industria-registra-alta-do-emprego-e-de-horas-trabalhadas-em-janeiro","status":"publish","type":"post","link":"https:\/\/acs.org.br\/academy\/economia-industria-registra-alta-do-emprego-e-de-horas-trabalhadas-em-janeiro\/","title":{"rendered":"ECONOMIA: Ind\u00fastria registra alta do emprego e de horas trabalhadas em janeiro"},"content":{"rendered":"<p>Fonte: Ag\u00eancia Brasil<\/p>\n<p>A ind\u00fastria de transforma\u00e7\u00e3o registrou alta no n\u00famero de vagas de emprego no setor, de horas trabalhadas na produ\u00e7\u00e3o e na massa salarial real, em janeiro de 2023, na compara\u00e7\u00e3o com dezembro de 2022. Os dados foram informados nesta quarta-feira (8), em Bras\u00edlia, pela Confedera\u00e7\u00e3o Nacional da Ind\u00fastria (CNI).<\/p>\n<p><a href=\"https:\/\/agenciabrasil.ebc.com.br\/economia\/noticia\/2023-03\/industria-registra-alta-do-emprego-e-de-horas-trabalhadas-em-janeiro\">LEIA MAIS&#8230;<\/a><\/p>\n","protected":false},"excerpt":{"rendered":"<p>Fonte: Ag\u00eancia Brasil A ind\u00fastria de transforma\u00e7\u00e3o registrou alta no n\u00famero de vagas de emprego no setor, de horas trabalhadas na produ\u00e7\u00e3o e na massa salarial real, em janeiro de 2023, na compara\u00e7\u00e3o com dezembro de 2022. Os dados foram informados nesta quarta-feira (8), em Bras\u00edlia, pela Confedera\u00e7\u00e3o Nacional da Ind\u00fastria (CNI). LEIA MAIS&#8230;<\/p>\n","protected":false},"author":66,"featured_media":0,"comment_status":"open","ping_status":"open","sticky":false,"template":"","format":"standard","meta":{"footnotes":""},"categories":[105],"tags":[],"_links":{"self":[{"href":"https:\/\/acs.org.br\/academy\/wp-json\/wp\/v2\/posts\/115019"}],"collection":[{"href":"https:\/\/acs.org.br\/academy\/wp-json\/wp\/v2\/posts"}],"about":[{"href":"https:\/\/acs.org.br\/academy\/wp-json\/wp\/v2\/types\/post"}],"author":[{"embeddable":true,"href":"https:\/\/acs.org.br\/academy\/wp-json\/wp\/v2\/users\/66"}],"replies":[{"embeddable":true,"href":"https:\/\/acs.org.br\/academy\/wp-json\/wp\/v2\/comments?post=115019"}],"version-history":[{"count":1,"href":"https:\/\/acs.org.br\/academy\/wp-json\/wp\/v2\/posts\/115019\/revisions"}],"predecessor-version":[{"id":115022,"href":"https:\/\/acs.org.br\/academy\/wp-json\/wp\/v2\/posts\/115019\/revisions\/115022"}],"wp:attachment":[{"href":"https:\/\/acs.org.br\/academy\/wp-json\/wp\/v2\/media?parent=115019"}],"wp:term":[{"taxonomy":"category","embeddable":true,"href":"https:\/\/acs.org.br\/academy\/wp-json\/wp\/v2\/categories?post=115019"},{"taxonomy":"post_tag","embeddable":true,"href":"https:\/\/acs.org.br\/academy\/wp-json\/wp\/v2\/tags?post=115019"}],"curies":[{"name":"wp","href":"https:\/\/api.w.org\/{rel}","templated":true}]}}