{"id":115018,"date":"2023-03-09T08:51:15","date_gmt":"2023-03-09T11:51:15","guid":{"rendered":"https:\/\/acs.org.br\/antigo\/?p=115018"},"modified":"2023-03-09T08:51:15","modified_gmt":"2023-03-09T11:51:15","slug":"meio-ambiente-oceanos-tem-mais-de-170-trilhoes-de-particulas-de-plastico-diz-estudo","status":"publish","type":"post","link":"https:\/\/acs.org.br\/academy\/meio-ambiente-oceanos-tem-mais-de-170-trilhoes-de-particulas-de-plastico-diz-estudo\/","title":{"rendered":"MEIO AMBIENTE: Oceanos t\u00eam mais de 170 trilh\u00f5es de part\u00edculas de pl\u00e1stico, diz estudo"},"content":{"rendered":"<p>Fonte: CNN Brasil<\/p>\n<p>Os oceanos do mundo est\u00e3o polu\u00eddos por uma \u201cpolui\u00e7\u00e3o de pl\u00e1stico\u201d composta por cerca de 171 trilh\u00f5es de part\u00edculas de pl\u00e1stico que, se reunidas, pesariam cerca de 2,3 milh\u00f5es de toneladas, de acordo com um novo estudo.<\/p>\n<p>Uma equipe de cientistas internacionais analisou dados globais coletados entre 1979 e 2019 em quase 12.000 pontos de amostragem nos oceanos Atl\u00e2ntico, Pac\u00edfico e \u00cdndico e no Mar Mediterr\u00e2neo.<\/p>\n<p><a href=\"https:\/\/www.cnnbrasil.com.br\/internacional\/oceanos-tem-mais-de-170-trilhoes-de-particulas-de-plastico-diz-estudo\/\">LEIA MAIS&#8230;<\/a><\/p>\n","protected":false},"excerpt":{"rendered":"<p>Fonte: CNN Brasil Os oceanos do mundo est\u00e3o polu\u00eddos por uma \u201cpolui\u00e7\u00e3o de pl\u00e1stico\u201d composta por cerca de 171 trilh\u00f5es de part\u00edculas de pl\u00e1stico que, se reunidas, pesariam cerca de 2,3 milh\u00f5es de toneladas, de acordo com um novo estudo. Uma equipe de cientistas internacionais analisou dados globais coletados entre 1979 e 2019 em quase [&hellip;]<\/p>\n","protected":false},"author":66,"featured_media":0,"comment_status":"open","ping_status":"open","sticky":false,"template":"","format":"standard","meta":{"footnotes":""},"categories":[105],"tags":[],"_links":{"self":[{"href":"https:\/\/acs.org.br\/academy\/wp-json\/wp\/v2\/posts\/115018"}],"collection":[{"href":"https:\/\/acs.org.br\/academy\/wp-json\/wp\/v2\/posts"}],"about":[{"href":"https:\/\/acs.org.br\/academy\/wp-json\/wp\/v2\/types\/post"}],"author":[{"embeddable":true,"href":"https:\/\/acs.org.br\/academy\/wp-json\/wp\/v2\/users\/66"}],"replies":[{"embeddable":true,"href":"https:\/\/acs.org.br\/academy\/wp-json\/wp\/v2\/comments?post=115018"}],"version-history":[{"count":1,"href":"https:\/\/acs.org.br\/academy\/wp-json\/wp\/v2\/posts\/115018\/revisions"}],"predecessor-version":[{"id":115025,"href":"https:\/\/acs.org.br\/academy\/wp-json\/wp\/v2\/posts\/115018\/revisions\/115025"}],"wp:attachment":[{"href":"https:\/\/acs.org.br\/academy\/wp-json\/wp\/v2\/media?parent=115018"}],"wp:term":[{"taxonomy":"category","embeddable":true,"href":"https:\/\/acs.org.br\/academy\/wp-json\/wp\/v2\/categories?post=115018"},{"taxonomy":"post_tag","embeddable":true,"href":"https:\/\/acs.org.br\/academy\/wp-json\/wp\/v2\/tags?post=115018"}],"curies":[{"name":"wp","href":"https:\/\/api.w.org\/{rel}","templated":true}]}}