{"id":115014,"date":"2023-03-09T08:47:28","date_gmt":"2023-03-09T11:47:28","guid":{"rendered":"https:\/\/acs.org.br\/antigo\/?p=115014"},"modified":"2023-03-09T08:47:28","modified_gmt":"2023-03-09T11:47:28","slug":"economia-novo-arcabouco-fiscal-vai-olhar-para-os-dois-lados-da-receita-e-despesa-diz-tebet","status":"publish","type":"post","link":"https:\/\/acs.org.br\/academy\/economia-novo-arcabouco-fiscal-vai-olhar-para-os-dois-lados-da-receita-e-despesa-diz-tebet\/","title":{"rendered":"ECONOMIA: Novo arcabou\u00e7o fiscal vai &#8216;olhar para os dois lados, da receita e despesa&#8217;, diz Tebet"},"content":{"rendered":"<p>Fonte: EXAME<\/p>\n<p>A ministra do Planejamento, Simone Tebet, afirmou nesta quarta-feira que a nova \u00e2ncora fiscal do pa\u00eds ser\u00e1 &#8220;justa&#8221; e baseada no equil\u00edbrio entre receita e despesa p\u00fablica. Ela tamb\u00e9m ressaltou que apresenta\u00e7\u00e3o do novo arcabou\u00e7o ocorrer\u00e1 em mar\u00e7o, ap\u00f3s a equipe econ\u00f4mica submet\u00ea-la ao presidente Luiz In\u00e1cio Lula da Silva.<\/p>\n<p><a href=\"https:\/\/exame.com\/economia\/novo-arcabouco-fiscal-vai-olhar-para-os-dois-lados-da-receita-e-despesa-diz-tebet\/\">LEIA MAIS&#8230;<\/a><\/p>\n","protected":false},"excerpt":{"rendered":"<p>Fonte: EXAME A ministra do Planejamento, Simone Tebet, afirmou nesta quarta-feira que a nova \u00e2ncora fiscal do pa\u00eds ser\u00e1 &#8220;justa&#8221; e baseada no equil\u00edbrio entre receita e despesa p\u00fablica. Ela tamb\u00e9m ressaltou que apresenta\u00e7\u00e3o do novo arcabou\u00e7o ocorrer\u00e1 em mar\u00e7o, ap\u00f3s a equipe econ\u00f4mica submet\u00ea-la ao presidente Luiz In\u00e1cio Lula da Silva. LEIA MAIS&#8230;<\/p>\n","protected":false},"author":66,"featured_media":0,"comment_status":"open","ping_status":"open","sticky":false,"template":"","format":"standard","meta":{"footnotes":""},"categories":[105],"tags":[],"_links":{"self":[{"href":"https:\/\/acs.org.br\/academy\/wp-json\/wp\/v2\/posts\/115014"}],"collection":[{"href":"https:\/\/acs.org.br\/academy\/wp-json\/wp\/v2\/posts"}],"about":[{"href":"https:\/\/acs.org.br\/academy\/wp-json\/wp\/v2\/types\/post"}],"author":[{"embeddable":true,"href":"https:\/\/acs.org.br\/academy\/wp-json\/wp\/v2\/users\/66"}],"replies":[{"embeddable":true,"href":"https:\/\/acs.org.br\/academy\/wp-json\/wp\/v2\/comments?post=115014"}],"version-history":[{"count":1,"href":"https:\/\/acs.org.br\/academy\/wp-json\/wp\/v2\/posts\/115014\/revisions"}],"predecessor-version":[{"id":115017,"href":"https:\/\/acs.org.br\/academy\/wp-json\/wp\/v2\/posts\/115014\/revisions\/115017"}],"wp:attachment":[{"href":"https:\/\/acs.org.br\/academy\/wp-json\/wp\/v2\/media?parent=115014"}],"wp:term":[{"taxonomy":"category","embeddable":true,"href":"https:\/\/acs.org.br\/academy\/wp-json\/wp\/v2\/categories?post=115014"},{"taxonomy":"post_tag","embeddable":true,"href":"https:\/\/acs.org.br\/academy\/wp-json\/wp\/v2\/tags?post=115014"}],"curies":[{"name":"wp","href":"https:\/\/api.w.org\/{rel}","templated":true}]}}