{"id":115013,"date":"2023-03-09T08:47:04","date_gmt":"2023-03-09T11:47:04","guid":{"rendered":"https:\/\/acs.org.br\/antigo\/?p=115013"},"modified":"2023-03-09T08:47:04","modified_gmt":"2023-03-09T11:47:04","slug":"porto-frente-parlamentar-de-portos-e-aeroportos-sera-lancada","status":"publish","type":"post","link":"https:\/\/acs.org.br\/academy\/porto-frente-parlamentar-de-portos-e-aeroportos-sera-lancada\/","title":{"rendered":"PORTO: Frente Parlamentar de Portos e Aeroportos ser\u00e1 lan\u00e7ada"},"content":{"rendered":"<p>Fonte: BE News<\/p>\n<p>A Frente Parlamentar Mista de Portos e Aeroportos ser\u00e1 lan\u00e7ada oficialmente no pr\u00f3ximo dia 14, \u00e0s 19 horas, em Bras\u00edlia. O evento, promovido pelo deputado federal Paulo Alexandre Barbosa (PSDB-SP), autor da proposta de cria\u00e7\u00e3o do colegiado, e pelo Brasil Export, maior f\u00f3rum sobre Log\u00edstica, Infraestrutura e Transportes do Pa\u00eds, ter\u00e1 a participa\u00e7\u00e3o do ministro de Portos e Aeroportos, M\u00e1rcio Fran\u00e7a.<\/p>\n<p><a href=\"https:\/\/portalbenews.com.br\/editoria\/be-news\/frente-parlamentar-de-portos-e-aeroportos-sera-lancada\/\">LEIA MAIS&#8230;<\/a><\/p>\n","protected":false},"excerpt":{"rendered":"<p>Fonte: BE News A Frente Parlamentar Mista de Portos e Aeroportos ser\u00e1 lan\u00e7ada oficialmente no pr\u00f3ximo dia 14, \u00e0s 19 horas, em Bras\u00edlia. O evento, promovido pelo deputado federal Paulo Alexandre Barbosa (PSDB-SP), autor da proposta de cria\u00e7\u00e3o do colegiado, e pelo Brasil Export, maior f\u00f3rum sobre Log\u00edstica, Infraestrutura e Transportes do Pa\u00eds, ter\u00e1 a [&hellip;]<\/p>\n","protected":false},"author":66,"featured_media":0,"comment_status":"open","ping_status":"open","sticky":false,"template":"","format":"standard","meta":{"footnotes":""},"categories":[105],"tags":[],"_links":{"self":[{"href":"https:\/\/acs.org.br\/academy\/wp-json\/wp\/v2\/posts\/115013"}],"collection":[{"href":"https:\/\/acs.org.br\/academy\/wp-json\/wp\/v2\/posts"}],"about":[{"href":"https:\/\/acs.org.br\/academy\/wp-json\/wp\/v2\/types\/post"}],"author":[{"embeddable":true,"href":"https:\/\/acs.org.br\/academy\/wp-json\/wp\/v2\/users\/66"}],"replies":[{"embeddable":true,"href":"https:\/\/acs.org.br\/academy\/wp-json\/wp\/v2\/comments?post=115013"}],"version-history":[{"count":1,"href":"https:\/\/acs.org.br\/academy\/wp-json\/wp\/v2\/posts\/115013\/revisions"}],"predecessor-version":[{"id":115016,"href":"https:\/\/acs.org.br\/academy\/wp-json\/wp\/v2\/posts\/115013\/revisions\/115016"}],"wp:attachment":[{"href":"https:\/\/acs.org.br\/academy\/wp-json\/wp\/v2\/media?parent=115013"}],"wp:term":[{"taxonomy":"category","embeddable":true,"href":"https:\/\/acs.org.br\/academy\/wp-json\/wp\/v2\/categories?post=115013"},{"taxonomy":"post_tag","embeddable":true,"href":"https:\/\/acs.org.br\/academy\/wp-json\/wp\/v2\/tags?post=115013"}],"curies":[{"name":"wp","href":"https:\/\/api.w.org\/{rel}","templated":true}]}}