{"id":115012,"date":"2023-03-09T08:46:21","date_gmt":"2023-03-09T11:46:21","guid":{"rendered":"https:\/\/acs.org.br\/antigo\/?p=115012"},"modified":"2023-03-09T08:46:21","modified_gmt":"2023-03-09T11:46:21","slug":"porto-tcu-adia-votacao-sobre-desestatizacao-do-porto-de-santos","status":"publish","type":"post","link":"https:\/\/acs.org.br\/academy\/porto-tcu-adia-votacao-sobre-desestatizacao-do-porto-de-santos\/","title":{"rendered":"PORTO: TCU adia vota\u00e7\u00e3o sobre desestatiza\u00e7\u00e3o do Porto de Santos"},"content":{"rendered":"<p>Fonte: A Tribuna<\/p>\n<p>A vota\u00e7\u00e3o do processo de desestatiza\u00e7\u00e3o do Porto de Santos foi adiada na sess\u00e3o ordin\u00e1ria do Tribunal de Contas da Uni\u00e3o (TCU), na tarde de quarta-feira (8), em Bras\u00edlia. O motivo foi a aus\u00eancia do ministro Vital do R\u00eago, que havia pedido vista em dezembro para analisar melhor a documenta\u00e7\u00e3o.<\/p>\n<p><a href=\"https:\/\/www.atribuna.com.br\/noticias\/portomar\/tcu-adia-votacao-sobre-desestatizacao-do-porto-de-santos\">LEIA MAIS&#8230;<\/a><\/p>\n","protected":false},"excerpt":{"rendered":"<p>Fonte: A Tribuna A vota\u00e7\u00e3o do processo de desestatiza\u00e7\u00e3o do Porto de Santos foi adiada na sess\u00e3o ordin\u00e1ria do Tribunal de Contas da Uni\u00e3o (TCU), na tarde de quarta-feira (8), em Bras\u00edlia. O motivo foi a aus\u00eancia do ministro Vital do R\u00eago, que havia pedido vista em dezembro para analisar melhor a documenta\u00e7\u00e3o. LEIA MAIS&#8230;<\/p>\n","protected":false},"author":66,"featured_media":0,"comment_status":"open","ping_status":"open","sticky":false,"template":"","format":"standard","meta":{"footnotes":""},"categories":[105],"tags":[],"_links":{"self":[{"href":"https:\/\/acs.org.br\/academy\/wp-json\/wp\/v2\/posts\/115012"}],"collection":[{"href":"https:\/\/acs.org.br\/academy\/wp-json\/wp\/v2\/posts"}],"about":[{"href":"https:\/\/acs.org.br\/academy\/wp-json\/wp\/v2\/types\/post"}],"author":[{"embeddable":true,"href":"https:\/\/acs.org.br\/academy\/wp-json\/wp\/v2\/users\/66"}],"replies":[{"embeddable":true,"href":"https:\/\/acs.org.br\/academy\/wp-json\/wp\/v2\/comments?post=115012"}],"version-history":[{"count":1,"href":"https:\/\/acs.org.br\/academy\/wp-json\/wp\/v2\/posts\/115012\/revisions"}],"predecessor-version":[{"id":115015,"href":"https:\/\/acs.org.br\/academy\/wp-json\/wp\/v2\/posts\/115012\/revisions\/115015"}],"wp:attachment":[{"href":"https:\/\/acs.org.br\/academy\/wp-json\/wp\/v2\/media?parent=115012"}],"wp:term":[{"taxonomy":"category","embeddable":true,"href":"https:\/\/acs.org.br\/academy\/wp-json\/wp\/v2\/categories?post=115012"},{"taxonomy":"post_tag","embeddable":true,"href":"https:\/\/acs.org.br\/academy\/wp-json\/wp\/v2\/tags?post=115012"}],"curies":[{"name":"wp","href":"https:\/\/api.w.org\/{rel}","templated":true}]}}