{"id":114997,"date":"2023-03-08T14:03:57","date_gmt":"2023-03-08T17:03:57","guid":{"rendered":"https:\/\/acs.org.br\/antigo\/?p=114997"},"modified":"2023-03-08T14:03:57","modified_gmt":"2023-03-08T17:03:57","slug":"cafe-ice-tem-53-mil-sacas-de-cafe-pendentes-mercado-cheio-de-duvidas-e-recuperacao-ainda-lenta-dos-estoques","status":"publish","type":"post","link":"https:\/\/acs.org.br\/academy\/cafe-ice-tem-53-mil-sacas-de-cafe-pendentes-mercado-cheio-de-duvidas-e-recuperacao-ainda-lenta-dos-estoques\/","title":{"rendered":"CAF\u00c9: ICE tem 53 mil sacas de caf\u00e9 pendentes: Mercado cheio de d\u00favidas e recupera\u00e7\u00e3o ainda lenta dos estoques"},"content":{"rendered":"<p>Fonte: Not\u00edcias Agr\u00edcolas<\/p>\n<p>Repleto de incertezas, com neg\u00f3cios praticamente travados e mantendo a volatilidade acentuada, o mercado de caf\u00e9 tamb\u00e9m segue monitorando a movimenta\u00e7\u00e3o dos estoques de caf\u00e9 certificado na ICE.<\/p>\n<p>Em janeiro de 2023 a ICE tinha mais de 230 mil sacas pendentes de avalia\u00e7\u00e3o e apesar do volume chamar aten\u00e7\u00e3o, boa parte deste caf\u00e9 n\u00e3o foi aceito com os padr\u00f5es ICE e os estoques continuam em recupera\u00e7\u00e3o lenta ap\u00f3s a baixa de 20 anos ocasionada pela Covid-19 e pelos impasses log\u00edsticos nos \u00faltimos anos.<\/p>\n<p><a href=\"https:\/\/www.noticiasagricolas.com.br\/noticias\/cafe\/342986-ice-tem-53-mil-sacas-de-cafe-pendentes-mercado-cheio-de-duvidas-e-recuperacao-ainda-lenta-dos-estoques.html#.ZAiq7nbMLIU\">LEIA MAIS&#8230;<\/a><\/p>\n","protected":false},"excerpt":{"rendered":"<p>Fonte: Not\u00edcias Agr\u00edcolas Repleto de incertezas, com neg\u00f3cios praticamente travados e mantendo a volatilidade acentuada, o mercado de caf\u00e9 tamb\u00e9m segue monitorando a movimenta\u00e7\u00e3o dos estoques de caf\u00e9 certificado na ICE. Em janeiro de 2023 a ICE tinha mais de 230 mil sacas pendentes de avalia\u00e7\u00e3o e apesar do volume chamar aten\u00e7\u00e3o, boa parte deste [&hellip;]<\/p>\n","protected":false},"author":66,"featured_media":0,"comment_status":"open","ping_status":"open","sticky":false,"template":"","format":"standard","meta":{"footnotes":""},"categories":[105],"tags":[],"_links":{"self":[{"href":"https:\/\/acs.org.br\/academy\/wp-json\/wp\/v2\/posts\/114997"}],"collection":[{"href":"https:\/\/acs.org.br\/academy\/wp-json\/wp\/v2\/posts"}],"about":[{"href":"https:\/\/acs.org.br\/academy\/wp-json\/wp\/v2\/types\/post"}],"author":[{"embeddable":true,"href":"https:\/\/acs.org.br\/academy\/wp-json\/wp\/v2\/users\/66"}],"replies":[{"embeddable":true,"href":"https:\/\/acs.org.br\/academy\/wp-json\/wp\/v2\/comments?post=114997"}],"version-history":[{"count":1,"href":"https:\/\/acs.org.br\/academy\/wp-json\/wp\/v2\/posts\/114997\/revisions"}],"predecessor-version":[{"id":114998,"href":"https:\/\/acs.org.br\/academy\/wp-json\/wp\/v2\/posts\/114997\/revisions\/114998"}],"wp:attachment":[{"href":"https:\/\/acs.org.br\/academy\/wp-json\/wp\/v2\/media?parent=114997"}],"wp:term":[{"taxonomy":"category","embeddable":true,"href":"https:\/\/acs.org.br\/academy\/wp-json\/wp\/v2\/categories?post=114997"},{"taxonomy":"post_tag","embeddable":true,"href":"https:\/\/acs.org.br\/academy\/wp-json\/wp\/v2\/tags?post=114997"}],"curies":[{"name":"wp","href":"https:\/\/api.w.org\/{rel}","templated":true}]}}