{"id":114992,"date":"2023-03-08T14:03:16","date_gmt":"2023-03-08T17:03:16","guid":{"rendered":"https:\/\/acs.org.br\/antigo\/?p=114992"},"modified":"2023-03-08T14:03:16","modified_gmt":"2023-03-08T17:03:16","slug":"mundo-protesto-de-1-milhao-contra-reformas-previdenciarias-na-franca-paralisa-refinarias","status":"publish","type":"post","link":"https:\/\/acs.org.br\/academy\/mundo-protesto-de-1-milhao-contra-reformas-previdenciarias-na-franca-paralisa-refinarias\/","title":{"rendered":"MUNDO: Protesto de 1 milh\u00e3o contra reformas previdenci\u00e1rias na Fran\u00e7a paralisa refinarias"},"content":{"rendered":"<p>Fonte: CNN Brasil \u00a0<\/p>\n<p>Refinarias de petr\u00f3leo em toda a Fran\u00e7a foram bloqueadas na ter\u00e7a-feira por trabalhadores que participaram de um protesto de 1 milh\u00e3o de pessoas contra os planos do governo de aumentar a idade de aposentadoria.<\/p>\n<p>Greves em massa tamb\u00e9m deixaram milhares sem eletricidade e interromperam escolas, aeroportos e trens, enquanto o maior sindicato do pa\u00eds, CGT, instava as pessoas a \u201cparalisar a Fran\u00e7a\u201d.<\/p>\n<p><a href=\"https:\/\/www.cnnbrasil.com.br\/business\/protesto-de-1-milhao-contra-reformas-previdenciarias-na-franca-paralisa-refinarias\/\">LEIA MAIS&#8230;<\/a><\/p>\n","protected":false},"excerpt":{"rendered":"<p>Fonte: CNN Brasil \u00a0 Refinarias de petr\u00f3leo em toda a Fran\u00e7a foram bloqueadas na ter\u00e7a-feira por trabalhadores que participaram de um protesto de 1 milh\u00e3o de pessoas contra os planos do governo de aumentar a idade de aposentadoria. Greves em massa tamb\u00e9m deixaram milhares sem eletricidade e interromperam escolas, aeroportos e trens, enquanto o maior [&hellip;]<\/p>\n","protected":false},"author":66,"featured_media":0,"comment_status":"open","ping_status":"open","sticky":false,"template":"","format":"standard","meta":{"footnotes":""},"categories":[105],"tags":[],"_links":{"self":[{"href":"https:\/\/acs.org.br\/academy\/wp-json\/wp\/v2\/posts\/114992"}],"collection":[{"href":"https:\/\/acs.org.br\/academy\/wp-json\/wp\/v2\/posts"}],"about":[{"href":"https:\/\/acs.org.br\/academy\/wp-json\/wp\/v2\/types\/post"}],"author":[{"embeddable":true,"href":"https:\/\/acs.org.br\/academy\/wp-json\/wp\/v2\/users\/66"}],"replies":[{"embeddable":true,"href":"https:\/\/acs.org.br\/academy\/wp-json\/wp\/v2\/comments?post=114992"}],"version-history":[{"count":1,"href":"https:\/\/acs.org.br\/academy\/wp-json\/wp\/v2\/posts\/114992\/revisions"}],"predecessor-version":[{"id":114996,"href":"https:\/\/acs.org.br\/academy\/wp-json\/wp\/v2\/posts\/114992\/revisions\/114996"}],"wp:attachment":[{"href":"https:\/\/acs.org.br\/academy\/wp-json\/wp\/v2\/media?parent=114992"}],"wp:term":[{"taxonomy":"category","embeddable":true,"href":"https:\/\/acs.org.br\/academy\/wp-json\/wp\/v2\/categories?post=114992"},{"taxonomy":"post_tag","embeddable":true,"href":"https:\/\/acs.org.br\/academy\/wp-json\/wp\/v2\/tags?post=114992"}],"curies":[{"name":"wp","href":"https:\/\/api.w.org\/{rel}","templated":true}]}}