{"id":114989,"date":"2023-03-08T14:01:43","date_gmt":"2023-03-08T17:01:43","guid":{"rendered":"https:\/\/acs.org.br\/antigo\/?p=114989"},"modified":"2023-03-08T14:01:43","modified_gmt":"2023-03-08T17:01:43","slug":"comercio-exterior-negociacao-com-a-china-sobre-carne-bovina-esta-na-reta-final-diz-favaro","status":"publish","type":"post","link":"https:\/\/acs.org.br\/academy\/comercio-exterior-negociacao-com-a-china-sobre-carne-bovina-esta-na-reta-final-diz-favaro\/","title":{"rendered":"COM\u00c9RCIO EXTERIOR: Negocia\u00e7\u00e3o com a China sobre carne bovina est\u00e1 na reta final, diz F\u00e1varo"},"content":{"rendered":"<p>Fonte: A Tribuna<\/p>\n<p>O ministro da Agricultura, Carlos F\u00e1varo, disse na noite desta ter\u00e7a-feira, 7, que a negocia\u00e7\u00e3o para a retomada das exporta\u00e7\u00f5es de carne bovina para a China est\u00e1 na fase final, ap\u00f3s o caso isolado e at\u00edpico do mal da vaca louca identificado em um animal no Par\u00e1.<\/p>\n<p><a href=\"https:\/\/www.atribuna.com.br\/noticias\/atualidades\/negociacao-com-a-china-sobre-carne-bovina-esta-na-reta-final-diz-favaro\">LEIA MAIS&#8230;<\/a><\/p>\n","protected":false},"excerpt":{"rendered":"<p>Fonte: A Tribuna O ministro da Agricultura, Carlos F\u00e1varo, disse na noite desta ter\u00e7a-feira, 7, que a negocia\u00e7\u00e3o para a retomada das exporta\u00e7\u00f5es de carne bovina para a China est\u00e1 na fase final, ap\u00f3s o caso isolado e at\u00edpico do mal da vaca louca identificado em um animal no Par\u00e1. LEIA MAIS&#8230;<\/p>\n","protected":false},"author":66,"featured_media":0,"comment_status":"open","ping_status":"open","sticky":false,"template":"","format":"standard","meta":{"footnotes":""},"categories":[105],"tags":[],"_links":{"self":[{"href":"https:\/\/acs.org.br\/academy\/wp-json\/wp\/v2\/posts\/114989"}],"collection":[{"href":"https:\/\/acs.org.br\/academy\/wp-json\/wp\/v2\/posts"}],"about":[{"href":"https:\/\/acs.org.br\/academy\/wp-json\/wp\/v2\/types\/post"}],"author":[{"embeddable":true,"href":"https:\/\/acs.org.br\/academy\/wp-json\/wp\/v2\/users\/66"}],"replies":[{"embeddable":true,"href":"https:\/\/acs.org.br\/academy\/wp-json\/wp\/v2\/comments?post=114989"}],"version-history":[{"count":1,"href":"https:\/\/acs.org.br\/academy\/wp-json\/wp\/v2\/posts\/114989\/revisions"}],"predecessor-version":[{"id":114991,"href":"https:\/\/acs.org.br\/academy\/wp-json\/wp\/v2\/posts\/114989\/revisions\/114991"}],"wp:attachment":[{"href":"https:\/\/acs.org.br\/academy\/wp-json\/wp\/v2\/media?parent=114989"}],"wp:term":[{"taxonomy":"category","embeddable":true,"href":"https:\/\/acs.org.br\/academy\/wp-json\/wp\/v2\/categories?post=114989"},{"taxonomy":"post_tag","embeddable":true,"href":"https:\/\/acs.org.br\/academy\/wp-json\/wp\/v2\/tags?post=114989"}],"curies":[{"name":"wp","href":"https:\/\/api.w.org\/{rel}","templated":true}]}}