{"id":114985,"date":"2023-03-08T14:00:09","date_gmt":"2023-03-08T17:00:09","guid":{"rendered":"https:\/\/acs.org.br\/antigo\/?p=114985"},"modified":"2023-03-08T14:00:09","modified_gmt":"2023-03-08T17:00:09","slug":"economia-indicador-economico-recua-11-pontos-no-brasil-no-1o-trimestre-de-2023","status":"publish","type":"post","link":"https:\/\/acs.org.br\/academy\/economia-indicador-economico-recua-11-pontos-no-brasil-no-1o-trimestre-de-2023\/","title":{"rendered":"ECONOMIA: Indicador Econ\u00f4mico recua 11 pontos no Brasil no 1\u00ba trimestre de 2023"},"content":{"rendered":"<p>Fonte: Ag\u00eancia Brasil<\/p>\n<p>O Brasil registrou recuo de 11 pontos no Indicador de Clima Econ\u00f4mico (ICE) e atingiu 73,5 pontos no primeiro trimestre de 2023. Na sua composi\u00e7\u00e3o, o Indicador da Situa\u00e7\u00e3o Atual (ISA) teve queda de 21,7 pontos alcan\u00e7ando 70,6 pontos, enquanto no Indicador de Expectativas (IE) caiu 0,4 ponto chegando a 76,5 pontos. \u00c9 o que aponta a Sondagem Econ\u00f4mica da Am\u00e9rica Latina, que apura os indicadores e foi divulgada nesta quarta-feira (8) pelo Instituto Brasileiro de Economia da Funda\u00e7\u00e3o Getulio Vargas (Ibre\/FGV).<\/p>\n<p><a href=\"https:\/\/agenciabrasil.ebc.com.br\/economia\/noticia\/2023-03\/indicador-economico-recua-11-pontos-no-brasil-no-1o-trimestre-de-2023\">LEIA MAIS&#8230; <\/a><\/p>\n","protected":false},"excerpt":{"rendered":"<p>Fonte: Ag\u00eancia Brasil O Brasil registrou recuo de 11 pontos no Indicador de Clima Econ\u00f4mico (ICE) e atingiu 73,5 pontos no primeiro trimestre de 2023. Na sua composi\u00e7\u00e3o, o Indicador da Situa\u00e7\u00e3o Atual (ISA) teve queda de 21,7 pontos alcan\u00e7ando 70,6 pontos, enquanto no Indicador de Expectativas (IE) caiu 0,4 ponto chegando a 76,5 pontos. [&hellip;]<\/p>\n","protected":false},"author":66,"featured_media":0,"comment_status":"open","ping_status":"open","sticky":false,"template":"","format":"standard","meta":{"footnotes":""},"categories":[105],"tags":[],"_links":{"self":[{"href":"https:\/\/acs.org.br\/academy\/wp-json\/wp\/v2\/posts\/114985"}],"collection":[{"href":"https:\/\/acs.org.br\/academy\/wp-json\/wp\/v2\/posts"}],"about":[{"href":"https:\/\/acs.org.br\/academy\/wp-json\/wp\/v2\/types\/post"}],"author":[{"embeddable":true,"href":"https:\/\/acs.org.br\/academy\/wp-json\/wp\/v2\/users\/66"}],"replies":[{"embeddable":true,"href":"https:\/\/acs.org.br\/academy\/wp-json\/wp\/v2\/comments?post=114985"}],"version-history":[{"count":1,"href":"https:\/\/acs.org.br\/academy\/wp-json\/wp\/v2\/posts\/114985\/revisions"}],"predecessor-version":[{"id":114986,"href":"https:\/\/acs.org.br\/academy\/wp-json\/wp\/v2\/posts\/114985\/revisions\/114986"}],"wp:attachment":[{"href":"https:\/\/acs.org.br\/academy\/wp-json\/wp\/v2\/media?parent=114985"}],"wp:term":[{"taxonomy":"category","embeddable":true,"href":"https:\/\/acs.org.br\/academy\/wp-json\/wp\/v2\/categories?post=114985"},{"taxonomy":"post_tag","embeddable":true,"href":"https:\/\/acs.org.br\/academy\/wp-json\/wp\/v2\/tags?post=114985"}],"curies":[{"name":"wp","href":"https:\/\/api.w.org\/{rel}","templated":true}]}}