{"id":114984,"date":"2023-03-08T14:00:35","date_gmt":"2023-03-08T17:00:35","guid":{"rendered":"https:\/\/acs.org.br\/antigo\/?p=114984"},"modified":"2023-03-08T14:00:35","modified_gmt":"2023-03-08T17:00:35","slug":"transporte-viviane-esse-e-a-nova-secretaria-nacional-de-transporte-rodoviario","status":"publish","type":"post","link":"https:\/\/acs.org.br\/academy\/transporte-viviane-esse-e-a-nova-secretaria-nacional-de-transporte-rodoviario\/","title":{"rendered":"TRANSPORTE: Viviane Esse \u00e9 a nova secret\u00e1ria Nacional de Transporte Rodovi\u00e1rio"},"content":{"rendered":"<p>Fonte: Ag\u00eancia Porto \u00a0<\/p>\n<p>Servidora p\u00fablica de carreira, a engenheira Viviane Esse assume a rec\u00e9m-criada Secretaria de Transportes Rodovi\u00e1rios do Minist\u00e9rio dos Transportes. A nomea\u00e7\u00e3o foi publicada na edi\u00e7\u00e3o desta ter\u00e7a-feira (7) do Di\u00e1rio Oficial da Uni\u00e3o (DOU). \u00c9 a primeira vez que uma mulher estar\u00e1 \u00e0 frente da pol\u00edtica nacional de infraestrutura de transporte rodovi\u00e1rio no pa\u00eds.<\/p>\n<p><a href=\"https:\/\/agenciaporto.com\/noticias\/viviane-esse-e-a-nova-secretaria-nacional-de-transporte-rodoviario\">LEIA MAIS&#8230;<\/a><\/p>\n","protected":false},"excerpt":{"rendered":"<p>Fonte: Ag\u00eancia Porto \u00a0 Servidora p\u00fablica de carreira, a engenheira Viviane Esse assume a rec\u00e9m-criada Secretaria de Transportes Rodovi\u00e1rios do Minist\u00e9rio dos Transportes. A nomea\u00e7\u00e3o foi publicada na edi\u00e7\u00e3o desta ter\u00e7a-feira (7) do Di\u00e1rio Oficial da Uni\u00e3o (DOU). \u00c9 a primeira vez que uma mulher estar\u00e1 \u00e0 frente da pol\u00edtica nacional de infraestrutura de transporte [&hellip;]<\/p>\n","protected":false},"author":66,"featured_media":0,"comment_status":"open","ping_status":"open","sticky":false,"template":"","format":"standard","meta":{"footnotes":""},"categories":[105],"tags":[],"_links":{"self":[{"href":"https:\/\/acs.org.br\/academy\/wp-json\/wp\/v2\/posts\/114984"}],"collection":[{"href":"https:\/\/acs.org.br\/academy\/wp-json\/wp\/v2\/posts"}],"about":[{"href":"https:\/\/acs.org.br\/academy\/wp-json\/wp\/v2\/types\/post"}],"author":[{"embeddable":true,"href":"https:\/\/acs.org.br\/academy\/wp-json\/wp\/v2\/users\/66"}],"replies":[{"embeddable":true,"href":"https:\/\/acs.org.br\/academy\/wp-json\/wp\/v2\/comments?post=114984"}],"version-history":[{"count":1,"href":"https:\/\/acs.org.br\/academy\/wp-json\/wp\/v2\/posts\/114984\/revisions"}],"predecessor-version":[{"id":114987,"href":"https:\/\/acs.org.br\/academy\/wp-json\/wp\/v2\/posts\/114984\/revisions\/114987"}],"wp:attachment":[{"href":"https:\/\/acs.org.br\/academy\/wp-json\/wp\/v2\/media?parent=114984"}],"wp:term":[{"taxonomy":"category","embeddable":true,"href":"https:\/\/acs.org.br\/academy\/wp-json\/wp\/v2\/categories?post=114984"},{"taxonomy":"post_tag","embeddable":true,"href":"https:\/\/acs.org.br\/academy\/wp-json\/wp\/v2\/tags?post=114984"}],"curies":[{"name":"wp","href":"https:\/\/api.w.org\/{rel}","templated":true}]}}