{"id":114983,"date":"2023-03-08T14:01:05","date_gmt":"2023-03-08T17:01:05","guid":{"rendered":"https:\/\/acs.org.br\/antigo\/?p=114983"},"modified":"2023-03-08T14:01:05","modified_gmt":"2023-03-08T17:01:05","slug":"transporte-editais-para-obras-da-1a-fase-do-aeroporto-de-guaruja","status":"publish","type":"post","link":"https:\/\/acs.org.br\/academy\/transporte-editais-para-obras-da-1a-fase-do-aeroporto-de-guaruja\/","title":{"rendered":"TRANSPORTE: Editais para obras da 1\u00aa fase do Aeroporto de Guaruj\u00e1"},"content":{"rendered":"<p>Fonte: BE News<\/p>\n<p>A Prefeitura de Guaruj\u00e1 anunciou que vai lan\u00e7ar os editais de licita\u00e7\u00e3o das obras da primeira fase do Aeroporto Civil Metropolitano de Guaruj\u00e1, localizado na Base A\u00e9rea de Santos, em duas semanas. Na \u00faltima semana aconteceu uma reuni\u00e3o, em Bras\u00edlia, com representantes da Administra\u00e7\u00e3o Municipal, Minist\u00e9rio dos Portos e Aeroportos e da Infraero. Ao todo, ser\u00e3o tr\u00eas editais pertencentes \u00e0 primeira fase de obras dos trabalhos.<\/p>\n<p><a href=\"https:\/\/portalbenews.com.br\/editoria\/regiao\/regiao-sudeste\/editais-para-obras-da-1a-fase-do-aeroporto-de-guaruja\/\">LEIA MAIS&#8230;<\/a><\/p>\n","protected":false},"excerpt":{"rendered":"<p>Fonte: BE News A Prefeitura de Guaruj\u00e1 anunciou que vai lan\u00e7ar os editais de licita\u00e7\u00e3o das obras da primeira fase do Aeroporto Civil Metropolitano de Guaruj\u00e1, localizado na Base A\u00e9rea de Santos, em duas semanas. Na \u00faltima semana aconteceu uma reuni\u00e3o, em Bras\u00edlia, com representantes da Administra\u00e7\u00e3o Municipal, Minist\u00e9rio dos Portos e Aeroportos e da [&hellip;]<\/p>\n","protected":false},"author":66,"featured_media":0,"comment_status":"open","ping_status":"open","sticky":false,"template":"","format":"standard","meta":{"footnotes":""},"categories":[105],"tags":[],"_links":{"self":[{"href":"https:\/\/acs.org.br\/academy\/wp-json\/wp\/v2\/posts\/114983"}],"collection":[{"href":"https:\/\/acs.org.br\/academy\/wp-json\/wp\/v2\/posts"}],"about":[{"href":"https:\/\/acs.org.br\/academy\/wp-json\/wp\/v2\/types\/post"}],"author":[{"embeddable":true,"href":"https:\/\/acs.org.br\/academy\/wp-json\/wp\/v2\/users\/66"}],"replies":[{"embeddable":true,"href":"https:\/\/acs.org.br\/academy\/wp-json\/wp\/v2\/comments?post=114983"}],"version-history":[{"count":1,"href":"https:\/\/acs.org.br\/academy\/wp-json\/wp\/v2\/posts\/114983\/revisions"}],"predecessor-version":[{"id":114988,"href":"https:\/\/acs.org.br\/academy\/wp-json\/wp\/v2\/posts\/114983\/revisions\/114988"}],"wp:attachment":[{"href":"https:\/\/acs.org.br\/academy\/wp-json\/wp\/v2\/media?parent=114983"}],"wp:term":[{"taxonomy":"category","embeddable":true,"href":"https:\/\/acs.org.br\/academy\/wp-json\/wp\/v2\/categories?post=114983"},{"taxonomy":"post_tag","embeddable":true,"href":"https:\/\/acs.org.br\/academy\/wp-json\/wp\/v2\/tags?post=114983"}],"curies":[{"name":"wp","href":"https:\/\/api.w.org\/{rel}","templated":true}]}}