{"id":114979,"date":"2023-03-08T13:59:34","date_gmt":"2023-03-08T16:59:34","guid":{"rendered":"https:\/\/acs.org.br\/antigo\/?p=114979"},"modified":"2023-03-08T13:59:34","modified_gmt":"2023-03-08T16:59:34","slug":"economia-saque-aniversario-beneficia-trabalhadores-na-quitacao-de-dividas-e-financiamentos-dizem-economistas","status":"publish","type":"post","link":"https:\/\/acs.org.br\/academy\/economia-saque-aniversario-beneficia-trabalhadores-na-quitacao-de-dividas-e-financiamentos-dizem-economistas\/","title":{"rendered":"ECONOMIA: Saque-anivers\u00e1rio beneficia trabalhadores na quita\u00e7\u00e3o de d\u00edvidas e financiamentos, dizem economistas"},"content":{"rendered":"<p>Fonte: CNN Brasil<\/p>\n<p>Economistas consultados pela CNN criticam as declara\u00e7\u00f5es do ministro do Trabalho, Luiz Marinho, sobre o Fundo de Garantia do Tempo de Servi\u00e7o (FGTS). Marinho afirmou, nesta ter\u00e7a-feira (7), que o governo deve propor ao Congresso um projeto de lei para promover \u201cmudan\u00e7as dr\u00e1sticas\u201d nas regras do saque-anivers\u00e1rio do fundo.<\/p>\n<p><a href=\"https:\/\/www.cnnbrasil.com.br\/business\/saque-aniversario-beneficia-trabalhadores-na-quitacao-de-dividas-e-financiamentos-dizem-economistas\/\">LEIA MAIS&#8230;<\/a><\/p>\n","protected":false},"excerpt":{"rendered":"<p>Fonte: CNN Brasil Economistas consultados pela CNN criticam as declara\u00e7\u00f5es do ministro do Trabalho, Luiz Marinho, sobre o Fundo de Garantia do Tempo de Servi\u00e7o (FGTS). Marinho afirmou, nesta ter\u00e7a-feira (7), que o governo deve propor ao Congresso um projeto de lei para promover \u201cmudan\u00e7as dr\u00e1sticas\u201d nas regras do saque-anivers\u00e1rio do fundo. LEIA MAIS&#8230;<\/p>\n","protected":false},"author":66,"featured_media":0,"comment_status":"open","ping_status":"open","sticky":false,"template":"","format":"standard","meta":{"footnotes":""},"categories":[105],"tags":[],"_links":{"self":[{"href":"https:\/\/acs.org.br\/academy\/wp-json\/wp\/v2\/posts\/114979"}],"collection":[{"href":"https:\/\/acs.org.br\/academy\/wp-json\/wp\/v2\/posts"}],"about":[{"href":"https:\/\/acs.org.br\/academy\/wp-json\/wp\/v2\/types\/post"}],"author":[{"embeddable":true,"href":"https:\/\/acs.org.br\/academy\/wp-json\/wp\/v2\/users\/66"}],"replies":[{"embeddable":true,"href":"https:\/\/acs.org.br\/academy\/wp-json\/wp\/v2\/comments?post=114979"}],"version-history":[{"count":1,"href":"https:\/\/acs.org.br\/academy\/wp-json\/wp\/v2\/posts\/114979\/revisions"}],"predecessor-version":[{"id":114982,"href":"https:\/\/acs.org.br\/academy\/wp-json\/wp\/v2\/posts\/114979\/revisions\/114982"}],"wp:attachment":[{"href":"https:\/\/acs.org.br\/academy\/wp-json\/wp\/v2\/media?parent=114979"}],"wp:term":[{"taxonomy":"category","embeddable":true,"href":"https:\/\/acs.org.br\/academy\/wp-json\/wp\/v2\/categories?post=114979"},{"taxonomy":"post_tag","embeddable":true,"href":"https:\/\/acs.org.br\/academy\/wp-json\/wp\/v2\/tags?post=114979"}],"curies":[{"name":"wp","href":"https:\/\/api.w.org\/{rel}","templated":true}]}}