{"id":114978,"date":"2023-03-08T13:59:10","date_gmt":"2023-03-08T16:59:10","guid":{"rendered":"https:\/\/acs.org.br\/antigo\/?p=114978"},"modified":"2023-03-08T13:59:10","modified_gmt":"2023-03-08T16:59:10","slug":"economia-ministro-anuncia-obras-entre-brasil-e-uruguai-e-modernizacao-do-mercosul","status":"publish","type":"post","link":"https:\/\/acs.org.br\/academy\/economia-ministro-anuncia-obras-entre-brasil-e-uruguai-e-modernizacao-do-mercosul\/","title":{"rendered":"ECONOMIA: Ministro anuncia obras entre Brasil e Uruguai e moderniza\u00e7\u00e3o do Mercosul"},"content":{"rendered":"<p>Fonte: A Tribuna<\/p>\n<p>O ministro das Rela\u00e7\u00f5es Exteriores, Mauro Vieira, participou nesta ter\u00e7a-feira, 7, de uma reuni\u00e3o bilateral com representantes do Uruguai. Ao lado do chanceler do Uruguai Francisco Bustillo, o dirigente da pasta internacional anunciou obras f\u00edsicas que ser\u00e3o feitas entre os dois pa\u00edses, defendeu a moderniza\u00e7\u00e3o di Mercosul e um trabalho em conjunto pelo avan\u00e7o no acordo comercial entre o bloco regional e a Uni\u00e3o Europeia.<\/p>\n<p><a href=\"https:\/\/www.atribuna.com.br\/noticias\/politica\/ministro-anuncia-obras-entre-brasil-e-uruguai-e-modernizacao-do-mercosul\">LEIA MAIS&#8230;<\/a><\/p>\n","protected":false},"excerpt":{"rendered":"<p>Fonte: A Tribuna O ministro das Rela\u00e7\u00f5es Exteriores, Mauro Vieira, participou nesta ter\u00e7a-feira, 7, de uma reuni\u00e3o bilateral com representantes do Uruguai. Ao lado do chanceler do Uruguai Francisco Bustillo, o dirigente da pasta internacional anunciou obras f\u00edsicas que ser\u00e3o feitas entre os dois pa\u00edses, defendeu a moderniza\u00e7\u00e3o di Mercosul e um trabalho em conjunto [&hellip;]<\/p>\n","protected":false},"author":66,"featured_media":0,"comment_status":"open","ping_status":"open","sticky":false,"template":"","format":"standard","meta":{"footnotes":""},"categories":[105],"tags":[],"_links":{"self":[{"href":"https:\/\/acs.org.br\/academy\/wp-json\/wp\/v2\/posts\/114978"}],"collection":[{"href":"https:\/\/acs.org.br\/academy\/wp-json\/wp\/v2\/posts"}],"about":[{"href":"https:\/\/acs.org.br\/academy\/wp-json\/wp\/v2\/types\/post"}],"author":[{"embeddable":true,"href":"https:\/\/acs.org.br\/academy\/wp-json\/wp\/v2\/users\/66"}],"replies":[{"embeddable":true,"href":"https:\/\/acs.org.br\/academy\/wp-json\/wp\/v2\/comments?post=114978"}],"version-history":[{"count":1,"href":"https:\/\/acs.org.br\/academy\/wp-json\/wp\/v2\/posts\/114978\/revisions"}],"predecessor-version":[{"id":114981,"href":"https:\/\/acs.org.br\/academy\/wp-json\/wp\/v2\/posts\/114978\/revisions\/114981"}],"wp:attachment":[{"href":"https:\/\/acs.org.br\/academy\/wp-json\/wp\/v2\/media?parent=114978"}],"wp:term":[{"taxonomy":"category","embeddable":true,"href":"https:\/\/acs.org.br\/academy\/wp-json\/wp\/v2\/categories?post=114978"},{"taxonomy":"post_tag","embeddable":true,"href":"https:\/\/acs.org.br\/academy\/wp-json\/wp\/v2\/tags?post=114978"}],"curies":[{"name":"wp","href":"https:\/\/api.w.org\/{rel}","templated":true}]}}