{"id":114887,"date":"2023-03-07T12:48:33","date_gmt":"2023-03-07T15:48:33","guid":{"rendered":"https:\/\/acs.org.br\/antigo\/?p=114887"},"modified":"2023-03-07T12:48:33","modified_gmt":"2023-03-07T15:48:33","slug":"cafe-cafe-tem-ajustes-nos-precos-mas-preocupacao-com-oferta-pode-sustentar-precos","status":"publish","type":"post","link":"https:\/\/acs.org.br\/academy\/cafe-cafe-tem-ajustes-nos-precos-mas-preocupacao-com-oferta-pode-sustentar-precos\/","title":{"rendered":"CAF\u00c9: Caf\u00e9 tem ajustes nos pre\u00e7os, mas preocupa\u00e7\u00e3o com oferta pode sustentar pre\u00e7os"},"content":{"rendered":"<p>Fonte: Caf\u00e9 Point<\/p>\n<p>O mercado futuro do caf\u00e9 ar\u00e1bica abriu as negocia\u00e7\u00f5es desta ter\u00e7a-feira (7) com ajustes t\u00e9cnicos para os pre\u00e7os na Bolsa de Nova York (ICE Future US). O mercado tem ajustes depois de registrar alta com suporte na queda nas exporta\u00e7\u00f5es da Col\u00f4mbia. A preocupa\u00e7\u00e3o com a oferta global, diante das incertezas com o Brasil, ainda d\u00e1 suporte aos pre\u00e7os.<\/p>\n<p><a href=\"https:\/\/www.noticiasagricolas.com.br\/noticias\/cafe\/342893-cafe-tem-ajustes-nos-precos-mas-preocupacao-com-oferta-pode-sustentar-precos.html#.ZAdW7nbMLIU\">LEIA MAIS&#8230;<\/a><\/p>\n","protected":false},"excerpt":{"rendered":"<p>Fonte: Caf\u00e9 Point O mercado futuro do caf\u00e9 ar\u00e1bica abriu as negocia\u00e7\u00f5es desta ter\u00e7a-feira (7) com ajustes t\u00e9cnicos para os pre\u00e7os na Bolsa de Nova York (ICE Future US). O mercado tem ajustes depois de registrar alta com suporte na queda nas exporta\u00e7\u00f5es da Col\u00f4mbia. A preocupa\u00e7\u00e3o com a oferta global, diante das incertezas com [&hellip;]<\/p>\n","protected":false},"author":66,"featured_media":0,"comment_status":"open","ping_status":"open","sticky":false,"template":"","format":"standard","meta":{"footnotes":""},"categories":[105],"tags":[],"_links":{"self":[{"href":"https:\/\/acs.org.br\/academy\/wp-json\/wp\/v2\/posts\/114887"}],"collection":[{"href":"https:\/\/acs.org.br\/academy\/wp-json\/wp\/v2\/posts"}],"about":[{"href":"https:\/\/acs.org.br\/academy\/wp-json\/wp\/v2\/types\/post"}],"author":[{"embeddable":true,"href":"https:\/\/acs.org.br\/academy\/wp-json\/wp\/v2\/users\/66"}],"replies":[{"embeddable":true,"href":"https:\/\/acs.org.br\/academy\/wp-json\/wp\/v2\/comments?post=114887"}],"version-history":[{"count":1,"href":"https:\/\/acs.org.br\/academy\/wp-json\/wp\/v2\/posts\/114887\/revisions"}],"predecessor-version":[{"id":114894,"href":"https:\/\/acs.org.br\/academy\/wp-json\/wp\/v2\/posts\/114887\/revisions\/114894"}],"wp:attachment":[{"href":"https:\/\/acs.org.br\/academy\/wp-json\/wp\/v2\/media?parent=114887"}],"wp:term":[{"taxonomy":"category","embeddable":true,"href":"https:\/\/acs.org.br\/academy\/wp-json\/wp\/v2\/categories?post=114887"},{"taxonomy":"post_tag","embeddable":true,"href":"https:\/\/acs.org.br\/academy\/wp-json\/wp\/v2\/tags?post=114887"}],"curies":[{"name":"wp","href":"https:\/\/api.w.org\/{rel}","templated":true}]}}