{"id":114880,"date":"2023-03-07T12:46:28","date_gmt":"2023-03-07T15:46:28","guid":{"rendered":"https:\/\/acs.org.br\/antigo\/?p=114880"},"modified":"2023-03-07T12:46:28","modified_gmt":"2023-03-07T15:46:28","slug":"meio-ambiente-ibama-vai-investigar-afundamento-de-porta-avioes","status":"publish","type":"post","link":"https:\/\/acs.org.br\/academy\/meio-ambiente-ibama-vai-investigar-afundamento-de-porta-avioes\/","title":{"rendered":"MEIO AMBIENTE: Ibama vai investigar afundamento de porta-avi\u00f5es"},"content":{"rendered":"<p>Fonte: Exame \u00a0<\/p>\n<p>O Ibama vai apurar responsabilidades envolvendo a decis\u00e3o de afundar, na sexta-feira, 3, o casco do porta-avi\u00f5es S\u00e3o Paulo, numa \u00e1rea localizada a 350 quil\u00f4metros da costa brasileira, com profundidade de 5 mil metros. A decis\u00e3o foi informada \u00e0 reportagem por meio de nota, ap\u00f3s o Estad\u00e3o questionar o \u00f3rg\u00e3o sobre o assunto.<\/p>\n<p><a href=\"https:\/\/exame.com\/brasil\/ibama-vai-investigar-afundamento-de-porta-avioes\/\">LEIA MAIS&#8230;<\/a><\/p>\n","protected":false},"excerpt":{"rendered":"<p>Fonte: Exame \u00a0 O Ibama vai apurar responsabilidades envolvendo a decis\u00e3o de afundar, na sexta-feira, 3, o casco do porta-avi\u00f5es S\u00e3o Paulo, numa \u00e1rea localizada a 350 quil\u00f4metros da costa brasileira, com profundidade de 5 mil metros. A decis\u00e3o foi informada \u00e0 reportagem por meio de nota, ap\u00f3s o Estad\u00e3o questionar o \u00f3rg\u00e3o sobre o [&hellip;]<\/p>\n","protected":false},"author":66,"featured_media":0,"comment_status":"open","ping_status":"open","sticky":false,"template":"","format":"standard","meta":{"footnotes":""},"categories":[105],"tags":[],"_links":{"self":[{"href":"https:\/\/acs.org.br\/academy\/wp-json\/wp\/v2\/posts\/114880"}],"collection":[{"href":"https:\/\/acs.org.br\/academy\/wp-json\/wp\/v2\/posts"}],"about":[{"href":"https:\/\/acs.org.br\/academy\/wp-json\/wp\/v2\/types\/post"}],"author":[{"embeddable":true,"href":"https:\/\/acs.org.br\/academy\/wp-json\/wp\/v2\/users\/66"}],"replies":[{"embeddable":true,"href":"https:\/\/acs.org.br\/academy\/wp-json\/wp\/v2\/comments?post=114880"}],"version-history":[{"count":1,"href":"https:\/\/acs.org.br\/academy\/wp-json\/wp\/v2\/posts\/114880\/revisions"}],"predecessor-version":[{"id":114885,"href":"https:\/\/acs.org.br\/academy\/wp-json\/wp\/v2\/posts\/114880\/revisions\/114885"}],"wp:attachment":[{"href":"https:\/\/acs.org.br\/academy\/wp-json\/wp\/v2\/media?parent=114880"}],"wp:term":[{"taxonomy":"category","embeddable":true,"href":"https:\/\/acs.org.br\/academy\/wp-json\/wp\/v2\/categories?post=114880"},{"taxonomy":"post_tag","embeddable":true,"href":"https:\/\/acs.org.br\/academy\/wp-json\/wp\/v2\/tags?post=114880"}],"curies":[{"name":"wp","href":"https:\/\/api.w.org\/{rel}","templated":true}]}}