{"id":114879,"date":"2023-03-07T12:46:05","date_gmt":"2023-03-07T15:46:05","guid":{"rendered":"https:\/\/acs.org.br\/antigo\/?p=114879"},"modified":"2023-03-07T12:46:05","modified_gmt":"2023-03-07T15:46:05","slug":"economia-poupanca-tem-saque-recorde-para-fevereiro-de-r-115-bilhoes","status":"publish","type":"post","link":"https:\/\/acs.org.br\/academy\/economia-poupanca-tem-saque-recorde-para-fevereiro-de-r-115-bilhoes\/","title":{"rendered":"ECONOMIA: Poupan\u00e7a tem saque recorde para fevereiro, de R$ 11,5 bilh\u00f5es"},"content":{"rendered":"<p>Fonte: Boqnews<\/p>\n<p>A aplica\u00e7\u00e3o financeira mais tradicional dos brasileiros, a poupan\u00e7a, registrou o segundo m\u00eas seguido de mais saques do que dep\u00f3sitos.<\/p>\n<p>Sendo assim, em fevereiro, a retirada l\u00edquida ficou em R$ 11,515 bilh\u00f5es, a maior da s\u00e9rie hist\u00f3rica do Banco Central (BC), iniciada em 1995, para o m\u00eas.<\/p>\n<p>Contudo, em janeiro, o resultado negativo ficou em R$ 33,63 bilh\u00f5es, o maior para todos os meses da s\u00e9rie hist\u00f3rica.<\/p>\n<p><a href=\"https:\/\/www.boqnews.com\/nacional\/poupanca-tem-saque-recorde-para-fevereiro-de-r-115-bilhoes\/\">LEIA MAIS&#8230; <\/a><\/p>\n","protected":false},"excerpt":{"rendered":"<p>Fonte: Boqnews A aplica\u00e7\u00e3o financeira mais tradicional dos brasileiros, a poupan\u00e7a, registrou o segundo m\u00eas seguido de mais saques do que dep\u00f3sitos. Sendo assim, em fevereiro, a retirada l\u00edquida ficou em R$ 11,515 bilh\u00f5es, a maior da s\u00e9rie hist\u00f3rica do Banco Central (BC), iniciada em 1995, para o m\u00eas. Contudo, em janeiro, o resultado negativo [&hellip;]<\/p>\n","protected":false},"author":66,"featured_media":0,"comment_status":"open","ping_status":"open","sticky":false,"template":"","format":"standard","meta":{"footnotes":""},"categories":[105],"tags":[],"_links":{"self":[{"href":"https:\/\/acs.org.br\/academy\/wp-json\/wp\/v2\/posts\/114879"}],"collection":[{"href":"https:\/\/acs.org.br\/academy\/wp-json\/wp\/v2\/posts"}],"about":[{"href":"https:\/\/acs.org.br\/academy\/wp-json\/wp\/v2\/types\/post"}],"author":[{"embeddable":true,"href":"https:\/\/acs.org.br\/academy\/wp-json\/wp\/v2\/users\/66"}],"replies":[{"embeddable":true,"href":"https:\/\/acs.org.br\/academy\/wp-json\/wp\/v2\/comments?post=114879"}],"version-history":[{"count":1,"href":"https:\/\/acs.org.br\/academy\/wp-json\/wp\/v2\/posts\/114879\/revisions"}],"predecessor-version":[{"id":114884,"href":"https:\/\/acs.org.br\/academy\/wp-json\/wp\/v2\/posts\/114879\/revisions\/114884"}],"wp:attachment":[{"href":"https:\/\/acs.org.br\/academy\/wp-json\/wp\/v2\/media?parent=114879"}],"wp:term":[{"taxonomy":"category","embeddable":true,"href":"https:\/\/acs.org.br\/academy\/wp-json\/wp\/v2\/categories?post=114879"},{"taxonomy":"post_tag","embeddable":true,"href":"https:\/\/acs.org.br\/academy\/wp-json\/wp\/v2\/tags?post=114879"}],"curies":[{"name":"wp","href":"https:\/\/api.w.org\/{rel}","templated":true}]}}