{"id":114878,"date":"2023-03-07T12:45:41","date_gmt":"2023-03-07T15:45:41","guid":{"rendered":"https:\/\/acs.org.br\/antigo\/?p=114878"},"modified":"2023-03-07T12:45:41","modified_gmt":"2023-03-07T15:45:41","slug":"economia-alckmin-defende-aprovacao-de-reforma","status":"publish","type":"post","link":"https:\/\/acs.org.br\/academy\/economia-alckmin-defende-aprovacao-de-reforma\/","title":{"rendered":"ECONOMIA: Alckmin defende aprova\u00e7\u00e3o de reforma"},"content":{"rendered":"<p>Fonte: BE News<\/p>\n<p>O vice-presidente da Rep\u00fablica e ministro do Desenvolvimento, Ind\u00fastria e Com\u00e9rcio, Geraldo Alckmin, cobrou a aprova\u00e7\u00e3o da Reforma Tribut\u00e1ria ainda este ano. Ele considera o atual sistema um \u201cmanic\u00f4mio tribut\u00e1rio\u201d.<\/p>\n<p><a href=\"https:\/\/portalbenews.com.br\/editoria\/nacional\/alckmin-defende-aprovacao-de-reforma\/\">LEIA MAIS&#8230; <\/a><\/p>\n","protected":false},"excerpt":{"rendered":"<p>Fonte: BE News O vice-presidente da Rep\u00fablica e ministro do Desenvolvimento, Ind\u00fastria e Com\u00e9rcio, Geraldo Alckmin, cobrou a aprova\u00e7\u00e3o da Reforma Tribut\u00e1ria ainda este ano. Ele considera o atual sistema um \u201cmanic\u00f4mio tribut\u00e1rio\u201d. LEIA MAIS&#8230;<\/p>\n","protected":false},"author":66,"featured_media":0,"comment_status":"open","ping_status":"open","sticky":false,"template":"","format":"standard","meta":{"footnotes":""},"categories":[105],"tags":[],"_links":{"self":[{"href":"https:\/\/acs.org.br\/academy\/wp-json\/wp\/v2\/posts\/114878"}],"collection":[{"href":"https:\/\/acs.org.br\/academy\/wp-json\/wp\/v2\/posts"}],"about":[{"href":"https:\/\/acs.org.br\/academy\/wp-json\/wp\/v2\/types\/post"}],"author":[{"embeddable":true,"href":"https:\/\/acs.org.br\/academy\/wp-json\/wp\/v2\/users\/66"}],"replies":[{"embeddable":true,"href":"https:\/\/acs.org.br\/academy\/wp-json\/wp\/v2\/comments?post=114878"}],"version-history":[{"count":1,"href":"https:\/\/acs.org.br\/academy\/wp-json\/wp\/v2\/posts\/114878\/revisions"}],"predecessor-version":[{"id":114883,"href":"https:\/\/acs.org.br\/academy\/wp-json\/wp\/v2\/posts\/114878\/revisions\/114883"}],"wp:attachment":[{"href":"https:\/\/acs.org.br\/academy\/wp-json\/wp\/v2\/media?parent=114878"}],"wp:term":[{"taxonomy":"category","embeddable":true,"href":"https:\/\/acs.org.br\/academy\/wp-json\/wp\/v2\/categories?post=114878"},{"taxonomy":"post_tag","embeddable":true,"href":"https:\/\/acs.org.br\/academy\/wp-json\/wp\/v2\/tags?post=114878"}],"curies":[{"name":"wp","href":"https:\/\/api.w.org\/{rel}","templated":true}]}}