{"id":114877,"date":"2023-03-07T12:45:18","date_gmt":"2023-03-07T15:45:18","guid":{"rendered":"https:\/\/acs.org.br\/antigo\/?p=114877"},"modified":"2023-03-07T12:45:18","modified_gmt":"2023-03-07T15:45:18","slug":"economia-imposto-minimo-global-deveria-integrar-reforma-no-brasil-diz-diretora-da-ocde","status":"publish","type":"post","link":"https:\/\/acs.org.br\/academy\/economia-imposto-minimo-global-deveria-integrar-reforma-no-brasil-diz-diretora-da-ocde\/","title":{"rendered":"ECONOMIA: Imposto m\u00ednimo global deveria integrar reforma no Brasil, diz diretora da OCDE"},"content":{"rendered":"<p>Fonte: A Tribuna<\/p>\n<p>A diretora do Centro de Pol\u00edtica Tribut\u00e1ria da Organiza\u00e7\u00e3o para a Coopera\u00e7\u00e3o e Desenvolvimento Econ\u00f4mico (OCDE), Grace Perez Navarro, afirmou nesta segunda-feira, 6, que a cria\u00e7\u00e3o de um imposto m\u00ednimo global de 15% sobre empresas multinacionais deveria fazer parte da reforma tribut\u00e1ria no Brasi.<\/p>\n<p><a href=\"https:\/\/www.atribuna.com.br\/noticias\/economia\/imposto-minimo-global-deveria-integrar-reforma-no-brasil-diz-diretora-da-ocde\">LEIA MAIS&#8230;<\/a><\/p>\n","protected":false},"excerpt":{"rendered":"<p>Fonte: A Tribuna A diretora do Centro de Pol\u00edtica Tribut\u00e1ria da Organiza\u00e7\u00e3o para a Coopera\u00e7\u00e3o e Desenvolvimento Econ\u00f4mico (OCDE), Grace Perez Navarro, afirmou nesta segunda-feira, 6, que a cria\u00e7\u00e3o de um imposto m\u00ednimo global de 15% sobre empresas multinacionais deveria fazer parte da reforma tribut\u00e1ria no Brasi. LEIA MAIS&#8230;<\/p>\n","protected":false},"author":66,"featured_media":0,"comment_status":"open","ping_status":"open","sticky":false,"template":"","format":"standard","meta":{"footnotes":""},"categories":[105],"tags":[],"_links":{"self":[{"href":"https:\/\/acs.org.br\/academy\/wp-json\/wp\/v2\/posts\/114877"}],"collection":[{"href":"https:\/\/acs.org.br\/academy\/wp-json\/wp\/v2\/posts"}],"about":[{"href":"https:\/\/acs.org.br\/academy\/wp-json\/wp\/v2\/types\/post"}],"author":[{"embeddable":true,"href":"https:\/\/acs.org.br\/academy\/wp-json\/wp\/v2\/users\/66"}],"replies":[{"embeddable":true,"href":"https:\/\/acs.org.br\/academy\/wp-json\/wp\/v2\/comments?post=114877"}],"version-history":[{"count":1,"href":"https:\/\/acs.org.br\/academy\/wp-json\/wp\/v2\/posts\/114877\/revisions"}],"predecessor-version":[{"id":114882,"href":"https:\/\/acs.org.br\/academy\/wp-json\/wp\/v2\/posts\/114877\/revisions\/114882"}],"wp:attachment":[{"href":"https:\/\/acs.org.br\/academy\/wp-json\/wp\/v2\/media?parent=114877"}],"wp:term":[{"taxonomy":"category","embeddable":true,"href":"https:\/\/acs.org.br\/academy\/wp-json\/wp\/v2\/categories?post=114877"},{"taxonomy":"post_tag","embeddable":true,"href":"https:\/\/acs.org.br\/academy\/wp-json\/wp\/v2\/tags?post=114877"}],"curies":[{"name":"wp","href":"https:\/\/api.w.org\/{rel}","templated":true}]}}