{"id":114876,"date":"2023-03-07T12:44:53","date_gmt":"2023-03-07T15:44:53","guid":{"rendered":"https:\/\/acs.org.br\/antigo\/?p=114876"},"modified":"2023-03-07T12:44:53","modified_gmt":"2023-03-07T15:44:53","slug":"porto-tcu-deve-retomar-na-quarta-feira-analise-sobre-privatizacao-do-porto-de-santos","status":"publish","type":"post","link":"https:\/\/acs.org.br\/academy\/porto-tcu-deve-retomar-na-quarta-feira-analise-sobre-privatizacao-do-porto-de-santos\/","title":{"rendered":"PORTO: TCU deve retomar na quarta-feira an\u00e1lise sobre privatiza\u00e7\u00e3o do Porto de Santos"},"content":{"rendered":"<p>Fonte: A Tribuna<\/p>\n<p>Apesar de o ministro de Portos e Aeroportos, M\u00e1rcio Fran\u00e7a, j\u00e1 ter descartado o projeto de privatiza\u00e7\u00e3o do Porto de Santos, o Tribunal de Contas da Uni\u00e3o (TCU) pode retomar o julgamento sobre o caso nesta quarta-feira, 8. No ano passado, o plen\u00e1rio da Corte come\u00e7ou a analisar o projeto do governo Bolsonaro com o voto do ministro Bruno Dantas, hoje presidente do tribunal.<\/p>\n<p><a href=\"https:\/\/www.atribuna.com.br\/noticias\/portomar\/tcu-deve-retomar-na-quarta-feira-analise-sobre-privatizacao-do-porto-de-santos\">LEIA MAIS&#8230;<\/a><\/p>\n","protected":false},"excerpt":{"rendered":"<p>Fonte: A Tribuna Apesar de o ministro de Portos e Aeroportos, M\u00e1rcio Fran\u00e7a, j\u00e1 ter descartado o projeto de privatiza\u00e7\u00e3o do Porto de Santos, o Tribunal de Contas da Uni\u00e3o (TCU) pode retomar o julgamento sobre o caso nesta quarta-feira, 8. No ano passado, o plen\u00e1rio da Corte come\u00e7ou a analisar o projeto do governo [&hellip;]<\/p>\n","protected":false},"author":66,"featured_media":0,"comment_status":"open","ping_status":"open","sticky":false,"template":"","format":"standard","meta":{"footnotes":""},"categories":[105],"tags":[],"_links":{"self":[{"href":"https:\/\/acs.org.br\/academy\/wp-json\/wp\/v2\/posts\/114876"}],"collection":[{"href":"https:\/\/acs.org.br\/academy\/wp-json\/wp\/v2\/posts"}],"about":[{"href":"https:\/\/acs.org.br\/academy\/wp-json\/wp\/v2\/types\/post"}],"author":[{"embeddable":true,"href":"https:\/\/acs.org.br\/academy\/wp-json\/wp\/v2\/users\/66"}],"replies":[{"embeddable":true,"href":"https:\/\/acs.org.br\/academy\/wp-json\/wp\/v2\/comments?post=114876"}],"version-history":[{"count":1,"href":"https:\/\/acs.org.br\/academy\/wp-json\/wp\/v2\/posts\/114876\/revisions"}],"predecessor-version":[{"id":114881,"href":"https:\/\/acs.org.br\/academy\/wp-json\/wp\/v2\/posts\/114876\/revisions\/114881"}],"wp:attachment":[{"href":"https:\/\/acs.org.br\/academy\/wp-json\/wp\/v2\/media?parent=114876"}],"wp:term":[{"taxonomy":"category","embeddable":true,"href":"https:\/\/acs.org.br\/academy\/wp-json\/wp\/v2\/categories?post=114876"},{"taxonomy":"post_tag","embeddable":true,"href":"https:\/\/acs.org.br\/academy\/wp-json\/wp\/v2\/tags?post=114876"}],"curies":[{"name":"wp","href":"https:\/\/api.w.org\/{rel}","templated":true}]}}