{"id":114860,"date":"2023-03-06T14:01:34","date_gmt":"2023-03-06T17:01:34","guid":{"rendered":"https:\/\/acs.org.br\/antigo\/?p=114860"},"modified":"2023-03-06T14:01:34","modified_gmt":"2023-03-06T17:01:34","slug":"cafe-brasil-consumiu-21-milhoes-de-sacas-de-cafe-em-2022","status":"publish","type":"post","link":"https:\/\/acs.org.br\/academy\/cafe-brasil-consumiu-21-milhoes-de-sacas-de-cafe-em-2022\/","title":{"rendered":"CAF\u00c9: Brasil consumiu 21 milh\u00f5es de sacas de caf\u00e9 em 2022"},"content":{"rendered":"<p>Fonte: Caf\u00e9 Point<\/p>\n<p>Na \u00faltima quinta-feira (2), a Associa\u00e7\u00e3o Brasileira da Ind\u00fastria de Caf\u00e9 (ABIC) realizou uma coletiva de imprensa on-line para apresentar os dados de consumo do caf\u00e9 ao longo de 2022. Os n\u00fameros revelam que, apesar da crise econ\u00f4mica gerada em 2021 pela pandemia, que se recuperou em 2022, a procura por caf\u00e9 seguiu seu ritmo: mesmo com leve queda de 1,01%, em rela\u00e7\u00e3o ao mesmo per\u00edodo analisado no ano anterior, e aumento no valor.<\/p>\n<p><a href=\"https:\/\/www.cafepoint.com.br\/noticias\/giro-de-noticias\/brasil-consumiu-21-milhoes-de-sacas-de-cafe-em-2022-232969\/\">LEIA MAIS&#8230;<\/a><\/p>\n","protected":false},"excerpt":{"rendered":"<p>Fonte: Caf\u00e9 Point Na \u00faltima quinta-feira (2), a Associa\u00e7\u00e3o Brasileira da Ind\u00fastria de Caf\u00e9 (ABIC) realizou uma coletiva de imprensa on-line para apresentar os dados de consumo do caf\u00e9 ao longo de 2022. Os n\u00fameros revelam que, apesar da crise econ\u00f4mica gerada em 2021 pela pandemia, que se recuperou em 2022, a procura por caf\u00e9 [&hellip;]<\/p>\n","protected":false},"author":66,"featured_media":0,"comment_status":"open","ping_status":"open","sticky":false,"template":"","format":"standard","meta":{"footnotes":""},"categories":[105],"tags":[],"_links":{"self":[{"href":"https:\/\/acs.org.br\/academy\/wp-json\/wp\/v2\/posts\/114860"}],"collection":[{"href":"https:\/\/acs.org.br\/academy\/wp-json\/wp\/v2\/posts"}],"about":[{"href":"https:\/\/acs.org.br\/academy\/wp-json\/wp\/v2\/types\/post"}],"author":[{"embeddable":true,"href":"https:\/\/acs.org.br\/academy\/wp-json\/wp\/v2\/users\/66"}],"replies":[{"embeddable":true,"href":"https:\/\/acs.org.br\/academy\/wp-json\/wp\/v2\/comments?post=114860"}],"version-history":[{"count":1,"href":"https:\/\/acs.org.br\/academy\/wp-json\/wp\/v2\/posts\/114860\/revisions"}],"predecessor-version":[{"id":114867,"href":"https:\/\/acs.org.br\/academy\/wp-json\/wp\/v2\/posts\/114860\/revisions\/114867"}],"wp:attachment":[{"href":"https:\/\/acs.org.br\/academy\/wp-json\/wp\/v2\/media?parent=114860"}],"wp:term":[{"taxonomy":"category","embeddable":true,"href":"https:\/\/acs.org.br\/academy\/wp-json\/wp\/v2\/categories?post=114860"},{"taxonomy":"post_tag","embeddable":true,"href":"https:\/\/acs.org.br\/academy\/wp-json\/wp\/v2\/tags?post=114860"}],"curies":[{"name":"wp","href":"https:\/\/api.w.org\/{rel}","templated":true}]}}