{"id":114845,"date":"2023-03-06T13:58:08","date_gmt":"2023-03-06T16:58:08","guid":{"rendered":"https:\/\/acs.org.br\/antigo\/?p=114845"},"modified":"2023-03-06T13:58:08","modified_gmt":"2023-03-06T16:58:08","slug":"economia-estimativa-de-inflacao-para-2023-fica-estavel-apos-11-semanas-de-alta","status":"publish","type":"post","link":"https:\/\/acs.org.br\/academy\/economia-estimativa-de-inflacao-para-2023-fica-estavel-apos-11-semanas-de-alta\/","title":{"rendered":"ECONOMIA: Estimativa de infla\u00e7\u00e3o para 2023 fica est\u00e1vel ap\u00f3s 11 semanas de alta"},"content":{"rendered":"<p>Fonte: R7<\/p>\n<p>Depois de 11 semanas indicando alta da infla\u00e7\u00e3o em 2023, a expectativa do mercado para o IPCA (\u00edndice de pre\u00e7os ao consumidor amplo) dete ano se mant\u00e9m est\u00e1vel em 5,90%, mesmo \u00edndice na \u00faltima segunda-feira (27). As proje\u00e7\u00f5es para a taxa Selic e para a varia\u00e7\u00e3o do c\u00e2mbio tamb\u00e9m continuaram iguais \u00e0 dos sete dias anteriores, em 12,75% e R$ 5,25, segundo as informa\u00e7\u00f5es do relat\u00f3rio de mercado Focus, do BC (Banco Central), divulgadas na manh\u00e3 desta segunda (6).<\/p>\n<p><a href=\"https:\/\/noticias.r7.com\/economia\/estimativa-de-inflacao-para-2023-fica-estavel-apos-11-semanas-de-alta-06032023\">LEIA MAIS&#8230;<\/a><\/p>\n","protected":false},"excerpt":{"rendered":"<p>Fonte: R7 Depois de 11 semanas indicando alta da infla\u00e7\u00e3o em 2023, a expectativa do mercado para o IPCA (\u00edndice de pre\u00e7os ao consumidor amplo) dete ano se mant\u00e9m est\u00e1vel em 5,90%, mesmo \u00edndice na \u00faltima segunda-feira (27). As proje\u00e7\u00f5es para a taxa Selic e para a varia\u00e7\u00e3o do c\u00e2mbio tamb\u00e9m continuaram iguais \u00e0 dos [&hellip;]<\/p>\n","protected":false},"author":66,"featured_media":0,"comment_status":"open","ping_status":"open","sticky":false,"template":"","format":"standard","meta":{"footnotes":""},"categories":[105],"tags":[],"_links":{"self":[{"href":"https:\/\/acs.org.br\/academy\/wp-json\/wp\/v2\/posts\/114845"}],"collection":[{"href":"https:\/\/acs.org.br\/academy\/wp-json\/wp\/v2\/posts"}],"about":[{"href":"https:\/\/acs.org.br\/academy\/wp-json\/wp\/v2\/types\/post"}],"author":[{"embeddable":true,"href":"https:\/\/acs.org.br\/academy\/wp-json\/wp\/v2\/users\/66"}],"replies":[{"embeddable":true,"href":"https:\/\/acs.org.br\/academy\/wp-json\/wp\/v2\/comments?post=114845"}],"version-history":[{"count":1,"href":"https:\/\/acs.org.br\/academy\/wp-json\/wp\/v2\/posts\/114845\/revisions"}],"predecessor-version":[{"id":114854,"href":"https:\/\/acs.org.br\/academy\/wp-json\/wp\/v2\/posts\/114845\/revisions\/114854"}],"wp:attachment":[{"href":"https:\/\/acs.org.br\/academy\/wp-json\/wp\/v2\/media?parent=114845"}],"wp:term":[{"taxonomy":"category","embeddable":true,"href":"https:\/\/acs.org.br\/academy\/wp-json\/wp\/v2\/categories?post=114845"},{"taxonomy":"post_tag","embeddable":true,"href":"https:\/\/acs.org.br\/academy\/wp-json\/wp\/v2\/tags?post=114845"}],"curies":[{"name":"wp","href":"https:\/\/api.w.org\/{rel}","templated":true}]}}