{"id":114844,"date":"2023-03-06T13:57:44","date_gmt":"2023-03-06T16:57:44","guid":{"rendered":"https:\/\/acs.org.br\/antigo\/?p=114844"},"modified":"2023-03-06T13:57:44","modified_gmt":"2023-03-06T16:57:44","slug":"economia-estados-comecam-a-elevar-icms-para-compensar-rombo","status":"publish","type":"post","link":"https:\/\/acs.org.br\/academy\/economia-estados-comecam-a-elevar-icms-para-compensar-rombo\/","title":{"rendered":"ECONOMIA: Estados come\u00e7am a elevar ICMS para compensar rombo"},"content":{"rendered":"<p>Fonte: Santaportal<\/p>\n<p>Come\u00e7a a valer nesta quarta-feira (8) o aumento da al\u00edquota geral do ICMS para um dos 12 estados que elevaram o tributo para cobrar o rombo na arrecada\u00e7\u00e3o deixado pela redu\u00e7\u00e3o do imposto aprovada pelo Congresso em 2022.<\/p>\n<p><a href=\"https:\/\/santaportal.com.br\/geral\/estados-comecam-a-elevar-icms-para-compensar-rombo\/\">LEIA MAIS&#8230;<\/a><\/p>\n","protected":false},"excerpt":{"rendered":"<p>Fonte: Santaportal Come\u00e7a a valer nesta quarta-feira (8) o aumento da al\u00edquota geral do ICMS para um dos 12 estados que elevaram o tributo para cobrar o rombo na arrecada\u00e7\u00e3o deixado pela redu\u00e7\u00e3o do imposto aprovada pelo Congresso em 2022. LEIA MAIS&#8230;<\/p>\n","protected":false},"author":66,"featured_media":0,"comment_status":"open","ping_status":"open","sticky":false,"template":"","format":"standard","meta":{"footnotes":""},"categories":[105],"tags":[],"_links":{"self":[{"href":"https:\/\/acs.org.br\/academy\/wp-json\/wp\/v2\/posts\/114844"}],"collection":[{"href":"https:\/\/acs.org.br\/academy\/wp-json\/wp\/v2\/posts"}],"about":[{"href":"https:\/\/acs.org.br\/academy\/wp-json\/wp\/v2\/types\/post"}],"author":[{"embeddable":true,"href":"https:\/\/acs.org.br\/academy\/wp-json\/wp\/v2\/users\/66"}],"replies":[{"embeddable":true,"href":"https:\/\/acs.org.br\/academy\/wp-json\/wp\/v2\/comments?post=114844"}],"version-history":[{"count":1,"href":"https:\/\/acs.org.br\/academy\/wp-json\/wp\/v2\/posts\/114844\/revisions"}],"predecessor-version":[{"id":114852,"href":"https:\/\/acs.org.br\/academy\/wp-json\/wp\/v2\/posts\/114844\/revisions\/114852"}],"wp:attachment":[{"href":"https:\/\/acs.org.br\/academy\/wp-json\/wp\/v2\/media?parent=114844"}],"wp:term":[{"taxonomy":"category","embeddable":true,"href":"https:\/\/acs.org.br\/academy\/wp-json\/wp\/v2\/categories?post=114844"},{"taxonomy":"post_tag","embeddable":true,"href":"https:\/\/acs.org.br\/academy\/wp-json\/wp\/v2\/tags?post=114844"}],"curies":[{"name":"wp","href":"https:\/\/api.w.org\/{rel}","templated":true}]}}