{"id":114842,"date":"2023-03-06T13:56:35","date_gmt":"2023-03-06T16:56:35","guid":{"rendered":"https:\/\/acs.org.br\/antigo\/?p=114842"},"modified":"2023-03-06T13:56:35","modified_gmt":"2023-03-06T16:56:35","slug":"porto-supernavio-da-marinha-retorna-a-santos-e-deve-manter-operacoes-no-litoral-de-sp","status":"publish","type":"post","link":"https:\/\/acs.org.br\/academy\/porto-supernavio-da-marinha-retorna-a-santos-e-deve-manter-operacoes-no-litoral-de-sp\/","title":{"rendered":"PORTO: \u2018Supernavio\u2019 da Marinha retorna a Santos e deve manter opera\u00e7\u00f5es no litoral de SP"},"content":{"rendered":"<p>Fonte: A Tribuna<\/p>\n<p>Ap\u00f3s dez dias ancorado na regi\u00e3o de S\u00e3o Sebasti\u00e3o, Litoral Norte de S\u00e3o Paulo, para apoio \u00e0s a\u00e7\u00f5es decorrentes da trag\u00e9dia das chuvas dos dias 18 e 19 de fevereiro, o Navio- Aer\u00f3dromo Multiprop\u00f3sito (NAM), Atl\u00e2ntico est\u00e1 de volta a Santos, para procedimentos de reabastecimento, recebimento de g\u00eaneros aliment\u00edcios e \u00e1gua, al\u00e9m da retirada de lixo. A embarca\u00e7\u00e3o, que conta com mil militares, deve retornar na segunda-feira (6) para seguir com os trabalhos de apoio \u00e0s demandas locais, especialmente nas regi\u00f5es de Juquehy e Barra do Sahy.<\/p>\n<p><a href=\"https:\/\/www.atribuna.com.br\/noticias\/portomar\/supernavio-da-marinha-retorna-a-santos-e-deve-manter-operacoes-no-litoral-de-sp\">LEIA MAIS&#8230;<\/a><\/p>\n","protected":false},"excerpt":{"rendered":"<p>Fonte: A Tribuna Ap\u00f3s dez dias ancorado na regi\u00e3o de S\u00e3o Sebasti\u00e3o, Litoral Norte de S\u00e3o Paulo, para apoio \u00e0s a\u00e7\u00f5es decorrentes da trag\u00e9dia das chuvas dos dias 18 e 19 de fevereiro, o Navio- Aer\u00f3dromo Multiprop\u00f3sito (NAM), Atl\u00e2ntico est\u00e1 de volta a Santos, para procedimentos de reabastecimento, recebimento de g\u00eaneros aliment\u00edcios e \u00e1gua, al\u00e9m [&hellip;]<\/p>\n","protected":false},"author":66,"featured_media":0,"comment_status":"open","ping_status":"open","sticky":false,"template":"","format":"standard","meta":{"footnotes":""},"categories":[105],"tags":[],"_links":{"self":[{"href":"https:\/\/acs.org.br\/academy\/wp-json\/wp\/v2\/posts\/114842"}],"collection":[{"href":"https:\/\/acs.org.br\/academy\/wp-json\/wp\/v2\/posts"}],"about":[{"href":"https:\/\/acs.org.br\/academy\/wp-json\/wp\/v2\/types\/post"}],"author":[{"embeddable":true,"href":"https:\/\/acs.org.br\/academy\/wp-json\/wp\/v2\/users\/66"}],"replies":[{"embeddable":true,"href":"https:\/\/acs.org.br\/academy\/wp-json\/wp\/v2\/comments?post=114842"}],"version-history":[{"count":1,"href":"https:\/\/acs.org.br\/academy\/wp-json\/wp\/v2\/posts\/114842\/revisions"}],"predecessor-version":[{"id":114847,"href":"https:\/\/acs.org.br\/academy\/wp-json\/wp\/v2\/posts\/114842\/revisions\/114847"}],"wp:attachment":[{"href":"https:\/\/acs.org.br\/academy\/wp-json\/wp\/v2\/media?parent=114842"}],"wp:term":[{"taxonomy":"category","embeddable":true,"href":"https:\/\/acs.org.br\/academy\/wp-json\/wp\/v2\/categories?post=114842"},{"taxonomy":"post_tag","embeddable":true,"href":"https:\/\/acs.org.br\/academy\/wp-json\/wp\/v2\/tags?post=114842"}],"curies":[{"name":"wp","href":"https:\/\/api.w.org\/{rel}","templated":true}]}}