{"id":114797,"date":"2023-03-03T10:58:32","date_gmt":"2023-03-03T13:58:32","guid":{"rendered":"https:\/\/acs.org.br\/antigo\/?p=114797"},"modified":"2023-03-03T10:58:32","modified_gmt":"2023-03-03T13:58:32","slug":"cafe-com-213-milhoes-de-sacas-brasil-tem-queda-no-consumo-de-cafe-no-mercado-interno-em-2022","status":"publish","type":"post","link":"https:\/\/acs.org.br\/academy\/cafe-com-213-milhoes-de-sacas-brasil-tem-queda-no-consumo-de-cafe-no-mercado-interno-em-2022\/","title":{"rendered":"CAF\u00c9: Com 21,3 milh\u00f5es de sacas, Brasil tem queda no consumo de caf\u00e9 no mercado interno em 2022"},"content":{"rendered":"<p>Fonte: Not\u00edcias Agr\u00edcolas \u00a0<\/p>\n<p>Com 21.326.820 milh\u00f5es de sacas, o Brasil registrou queda de 1,01% no consumo de caf\u00e9 no mercado interno em 2022. Os n\u00fameros foram divulgados na tarde desta segunda-feira (2) pela Associa\u00e7\u00e3o Brasileira da Ind\u00fastria de Caf\u00e9 (ABIC). Deste montante, o caf\u00e9 tradicional extraforte correspondeu por 83% da venda, sendo classificado como a mercadoria do &#8220;custo x benef\u00edcio&#8221;.<\/p>\n<p><a href=\"https:\/\/www.noticiasagricolas.com.br\/noticias\/cafe\/342612-com-21-3-milhoes-de-sacas-brasil-tem-queda-no-consumo-de-cafe-no-mercado-interno-em-2022.html#.ZAH1V3bMLIU\">LEIA MAIS&#8230;<\/a><\/p>\n","protected":false},"excerpt":{"rendered":"<p>Fonte: Not\u00edcias Agr\u00edcolas \u00a0 Com 21.326.820 milh\u00f5es de sacas, o Brasil registrou queda de 1,01% no consumo de caf\u00e9 no mercado interno em 2022. Os n\u00fameros foram divulgados na tarde desta segunda-feira (2) pela Associa\u00e7\u00e3o Brasileira da Ind\u00fastria de Caf\u00e9 (ABIC). Deste montante, o caf\u00e9 tradicional extraforte correspondeu por 83% da venda, sendo classificado como [&hellip;]<\/p>\n","protected":false},"author":66,"featured_media":0,"comment_status":"open","ping_status":"open","sticky":false,"template":"","format":"standard","meta":{"footnotes":""},"categories":[105],"tags":[],"_links":{"self":[{"href":"https:\/\/acs.org.br\/academy\/wp-json\/wp\/v2\/posts\/114797"}],"collection":[{"href":"https:\/\/acs.org.br\/academy\/wp-json\/wp\/v2\/posts"}],"about":[{"href":"https:\/\/acs.org.br\/academy\/wp-json\/wp\/v2\/types\/post"}],"author":[{"embeddable":true,"href":"https:\/\/acs.org.br\/academy\/wp-json\/wp\/v2\/users\/66"}],"replies":[{"embeddable":true,"href":"https:\/\/acs.org.br\/academy\/wp-json\/wp\/v2\/comments?post=114797"}],"version-history":[{"count":1,"href":"https:\/\/acs.org.br\/academy\/wp-json\/wp\/v2\/posts\/114797\/revisions"}],"predecessor-version":[{"id":114803,"href":"https:\/\/acs.org.br\/academy\/wp-json\/wp\/v2\/posts\/114797\/revisions\/114803"}],"wp:attachment":[{"href":"https:\/\/acs.org.br\/academy\/wp-json\/wp\/v2\/media?parent=114797"}],"wp:term":[{"taxonomy":"category","embeddable":true,"href":"https:\/\/acs.org.br\/academy\/wp-json\/wp\/v2\/categories?post=114797"},{"taxonomy":"post_tag","embeddable":true,"href":"https:\/\/acs.org.br\/academy\/wp-json\/wp\/v2\/tags?post=114797"}],"curies":[{"name":"wp","href":"https:\/\/api.w.org\/{rel}","templated":true}]}}