{"id":114796,"date":"2023-03-03T10:58:10","date_gmt":"2023-03-03T13:58:10","guid":{"rendered":"https:\/\/acs.org.br\/antigo\/?p=114796"},"modified":"2023-03-03T10:58:10","modified_gmt":"2023-03-03T13:58:10","slug":"cafe-ruanda-registra-aumento-de-34-nas-exportacoes-de-cafe-em-2022","status":"publish","type":"post","link":"https:\/\/acs.org.br\/academy\/cafe-ruanda-registra-aumento-de-34-nas-exportacoes-de-cafe-em-2022\/","title":{"rendered":"CAF\u00c9: Ruanda registra aumento de 34% nas exporta\u00e7\u00f5es de caf\u00e9 em 2022"},"content":{"rendered":"<p>Fonte: Caf\u00e9 Point<\/p>\n<p>De acordo com o relat\u00f3rio do National Agricultural Export Development Board (NAEB), a receita das exporta\u00e7\u00f5es de caf\u00e9 da Ruanda aumentou 34%, para mais de US$ 105 milh\u00f5es (cerca de Rwf 114 bilh\u00f5es) em 2022.<\/p>\n<p>Com esse desempenho, o pa\u00eds j\u00e1 superou a meta de gerar US$ 95 milh\u00f5es anuais com exporta\u00e7\u00f5es de caf\u00e9 at\u00e9 2024. No entanto, segundo o relat\u00f3rio, houve um pequeno aumento de 2% na quantidade de caf\u00e9 que o pa\u00eds exportou, de 17.479 toneladas em 2021, para 17.848 toneladas em 2022.<\/p>\n<p style=\"text-align: left;\"><a href=\"https:\/\/www.cafepoint.com.br\/noticias\/giro-de-noticias\/ruanda-registra-aumento-de-34-nas-exportacoes-de-cafe-em-2022-232937\/\">LEIA MAIS&#8230;<\/a><\/p>\n","protected":false},"excerpt":{"rendered":"<p>Fonte: Caf\u00e9 Point De acordo com o relat\u00f3rio do National Agricultural Export Development Board (NAEB), a receita das exporta\u00e7\u00f5es de caf\u00e9 da Ruanda aumentou 34%, para mais de US$ 105 milh\u00f5es (cerca de Rwf 114 bilh\u00f5es) em 2022. Com esse desempenho, o pa\u00eds j\u00e1 superou a meta de gerar US$ 95 milh\u00f5es anuais com exporta\u00e7\u00f5es [&hellip;]<\/p>\n","protected":false},"author":66,"featured_media":0,"comment_status":"open","ping_status":"open","sticky":false,"template":"","format":"standard","meta":{"footnotes":""},"categories":[105],"tags":[],"_links":{"self":[{"href":"https:\/\/acs.org.br\/academy\/wp-json\/wp\/v2\/posts\/114796"}],"collection":[{"href":"https:\/\/acs.org.br\/academy\/wp-json\/wp\/v2\/posts"}],"about":[{"href":"https:\/\/acs.org.br\/academy\/wp-json\/wp\/v2\/types\/post"}],"author":[{"embeddable":true,"href":"https:\/\/acs.org.br\/academy\/wp-json\/wp\/v2\/users\/66"}],"replies":[{"embeddable":true,"href":"https:\/\/acs.org.br\/academy\/wp-json\/wp\/v2\/comments?post=114796"}],"version-history":[{"count":1,"href":"https:\/\/acs.org.br\/academy\/wp-json\/wp\/v2\/posts\/114796\/revisions"}],"predecessor-version":[{"id":114802,"href":"https:\/\/acs.org.br\/academy\/wp-json\/wp\/v2\/posts\/114796\/revisions\/114802"}],"wp:attachment":[{"href":"https:\/\/acs.org.br\/academy\/wp-json\/wp\/v2\/media?parent=114796"}],"wp:term":[{"taxonomy":"category","embeddable":true,"href":"https:\/\/acs.org.br\/academy\/wp-json\/wp\/v2\/categories?post=114796"},{"taxonomy":"post_tag","embeddable":true,"href":"https:\/\/acs.org.br\/academy\/wp-json\/wp\/v2\/tags?post=114796"}],"curies":[{"name":"wp","href":"https:\/\/api.w.org\/{rel}","templated":true}]}}