{"id":114787,"date":"2023-03-03T10:57:06","date_gmt":"2023-03-03T13:57:06","guid":{"rendered":"https:\/\/acs.org.br\/antigo\/?p=114787"},"modified":"2023-03-03T10:57:06","modified_gmt":"2023-03-03T13:57:06","slug":"transporte-infraero-autoriza-a-licitacao-para-obras-do-aeroporto-de-guaruja","status":"publish","type":"post","link":"https:\/\/acs.org.br\/academy\/transporte-infraero-autoriza-a-licitacao-para-obras-do-aeroporto-de-guaruja\/","title":{"rendered":"TRANSPORTE: Infraero autoriza a licita\u00e7\u00e3o para obras do Aeroporto de Guaruj\u00e1"},"content":{"rendered":"<p>Fonte: Boqnews<\/p>\n<p>Em reuni\u00e3o com o Deputado Federal Paulo Alexandre Barbosa, o diretor da Infraero Rog\u00e9rio Amado Barzellay liberou a licita\u00e7\u00e3o para o in\u00edcio das obras do Aeroporto de Guaruj\u00e1. O deputado estadual Caio Fran\u00e7a e t\u00e9cnicos da prefeitura de Guaruj\u00e1 tamb\u00e9m participaram do encontro realizado em Bras\u00edlia.<\/p>\n<p><a href=\"https:\/\/www.boqnews.com\/cidades\/infraero-autoriza-a-licitacao-para-obras-do-aeroporto-de-guaruja\/\">LEIA MAIS&#8230;<\/a><\/p>\n","protected":false},"excerpt":{"rendered":"<p>Fonte: Boqnews Em reuni\u00e3o com o Deputado Federal Paulo Alexandre Barbosa, o diretor da Infraero Rog\u00e9rio Amado Barzellay liberou a licita\u00e7\u00e3o para o in\u00edcio das obras do Aeroporto de Guaruj\u00e1. O deputado estadual Caio Fran\u00e7a e t\u00e9cnicos da prefeitura de Guaruj\u00e1 tamb\u00e9m participaram do encontro realizado em Bras\u00edlia. LEIA MAIS&#8230;<\/p>\n","protected":false},"author":66,"featured_media":0,"comment_status":"open","ping_status":"open","sticky":false,"template":"","format":"standard","meta":{"footnotes":""},"categories":[105],"tags":[],"_links":{"self":[{"href":"https:\/\/acs.org.br\/academy\/wp-json\/wp\/v2\/posts\/114787"}],"collection":[{"href":"https:\/\/acs.org.br\/academy\/wp-json\/wp\/v2\/posts"}],"about":[{"href":"https:\/\/acs.org.br\/academy\/wp-json\/wp\/v2\/types\/post"}],"author":[{"embeddable":true,"href":"https:\/\/acs.org.br\/academy\/wp-json\/wp\/v2\/users\/66"}],"replies":[{"embeddable":true,"href":"https:\/\/acs.org.br\/academy\/wp-json\/wp\/v2\/comments?post=114787"}],"version-history":[{"count":1,"href":"https:\/\/acs.org.br\/academy\/wp-json\/wp\/v2\/posts\/114787\/revisions"}],"predecessor-version":[{"id":114794,"href":"https:\/\/acs.org.br\/academy\/wp-json\/wp\/v2\/posts\/114787\/revisions\/114794"}],"wp:attachment":[{"href":"https:\/\/acs.org.br\/academy\/wp-json\/wp\/v2\/media?parent=114787"}],"wp:term":[{"taxonomy":"category","embeddable":true,"href":"https:\/\/acs.org.br\/academy\/wp-json\/wp\/v2\/categories?post=114787"},{"taxonomy":"post_tag","embeddable":true,"href":"https:\/\/acs.org.br\/academy\/wp-json\/wp\/v2\/tags?post=114787"}],"curies":[{"name":"wp","href":"https:\/\/api.w.org\/{rel}","templated":true}]}}