{"id":114783,"date":"2023-03-03T10:55:09","date_gmt":"2023-03-03T13:55:09","guid":{"rendered":"https:\/\/acs.org.br\/antigo\/?p=114783"},"modified":"2023-03-03T10:55:09","modified_gmt":"2023-03-03T13:55:09","slug":"economia-bolsa-fecha-com-pior-marca-do-ano-abaixo-dos-104-mil-pontos-dolar-sobe","status":"publish","type":"post","link":"https:\/\/acs.org.br\/academy\/economia-bolsa-fecha-com-pior-marca-do-ano-abaixo-dos-104-mil-pontos-dolar-sobe\/","title":{"rendered":"ECONOMIA: Bolsa fecha com pior marca do ano, abaixo dos 104 mil pontos; d\u00f3lar sobe"},"content":{"rendered":"<p>Fonte: Santaportal<\/p>\n<p>O Ibovespa fechou o preg\u00e3o desta quinta-feira (2) com a pontua\u00e7\u00e3o mais baixa de 2023, sob influ\u00eancia de quedas nas a\u00e7\u00f5es Petrobras e an\u00fancios do governo. O d\u00f3lar se valorizou ante o real ap\u00f3s pa\u00edses do bloco europeu divulgarem dados de infla\u00e7\u00e3o piores do que o esperado, e o banco central norte-americano citar a possibilidade de brecar a alta nos juros no meio do ano.<\/p>\n<p><a href=\"https:\/\/santaportal.com.br\/geral\/bolsa-fecha-com-pior-marca-do-ano-abaixo-dos-104-mil-pontos-dolar-sobe\/\">LEIA MAIS&#8230;<\/a><\/p>\n","protected":false},"excerpt":{"rendered":"<p>Fonte: Santaportal O Ibovespa fechou o preg\u00e3o desta quinta-feira (2) com a pontua\u00e7\u00e3o mais baixa de 2023, sob influ\u00eancia de quedas nas a\u00e7\u00f5es Petrobras e an\u00fancios do governo. O d\u00f3lar se valorizou ante o real ap\u00f3s pa\u00edses do bloco europeu divulgarem dados de infla\u00e7\u00e3o piores do que o esperado, e o banco central norte-americano citar [&hellip;]<\/p>\n","protected":false},"author":66,"featured_media":0,"comment_status":"open","ping_status":"open","sticky":false,"template":"","format":"standard","meta":{"footnotes":""},"categories":[105],"tags":[],"_links":{"self":[{"href":"https:\/\/acs.org.br\/academy\/wp-json\/wp\/v2\/posts\/114783"}],"collection":[{"href":"https:\/\/acs.org.br\/academy\/wp-json\/wp\/v2\/posts"}],"about":[{"href":"https:\/\/acs.org.br\/academy\/wp-json\/wp\/v2\/types\/post"}],"author":[{"embeddable":true,"href":"https:\/\/acs.org.br\/academy\/wp-json\/wp\/v2\/users\/66"}],"replies":[{"embeddable":true,"href":"https:\/\/acs.org.br\/academy\/wp-json\/wp\/v2\/comments?post=114783"}],"version-history":[{"count":1,"href":"https:\/\/acs.org.br\/academy\/wp-json\/wp\/v2\/posts\/114783\/revisions"}],"predecessor-version":[{"id":114790,"href":"https:\/\/acs.org.br\/academy\/wp-json\/wp\/v2\/posts\/114783\/revisions\/114790"}],"wp:attachment":[{"href":"https:\/\/acs.org.br\/academy\/wp-json\/wp\/v2\/media?parent=114783"}],"wp:term":[{"taxonomy":"category","embeddable":true,"href":"https:\/\/acs.org.br\/academy\/wp-json\/wp\/v2\/categories?post=114783"},{"taxonomy":"post_tag","embeddable":true,"href":"https:\/\/acs.org.br\/academy\/wp-json\/wp\/v2\/tags?post=114783"}],"curies":[{"name":"wp","href":"https:\/\/api.w.org\/{rel}","templated":true}]}}