{"id":114781,"date":"2023-03-03T10:54:40","date_gmt":"2023-03-03T13:54:40","guid":{"rendered":"https:\/\/acs.org.br\/antigo\/?p=114781"},"modified":"2023-03-03T10:54:40","modified_gmt":"2023-03-03T13:54:40","slug":"porto-exclusivo-pierdomenico-e-nomeado-secretario-nacional-de-portos","status":"publish","type":"post","link":"https:\/\/acs.org.br\/academy\/porto-exclusivo-pierdomenico-e-nomeado-secretario-nacional-de-portos\/","title":{"rendered":"PORTO: Exclusivo: Pierdomenico \u00e9 nomeado secret\u00e1rio nacional de Portos"},"content":{"rendered":"<p>Fonte: BE News<\/p>\n<p>Ap\u00f3s 62 dias, o Governo Federal volta a ter um secret\u00e1rio nacional de Portos e Transportes Aquavi\u00e1rios. Foi publicada na edi\u00e7\u00e3o desta sexta-feira, dia 3, do Di\u00e1rio Oficial da Uni\u00e3o, na se\u00e7\u00e3o 2, a Portaria n. 1.902, que nomeia o consultor portu\u00e1rio Fabrizio Pierdomenico para exercer o cargo no Minist\u00e9rio de Portos e Aeroportos. O texto, \u00e9 assinado pelo ministro da Casa Civil, Rui Costa. Com a oficializa\u00e7\u00e3o da medida, h\u00e1 a expectativa de que os principais planos da pasta para o setor comecem a ser apresentados e debatidos com a sociedade. Um dos mais aguardados envolve a concess\u00e3o de servi\u00e7os de apoio portu\u00e1rio, como a gest\u00e3o da dragagem, \u00e0 iniciativa privada.<\/p>\n<p><a href=\"https:\/\/portalbenews.com.br\/editoria\/portos\/exclusivo-pierdomenico-e-nomeado-secretario-nacional-de-portos\/\">LEIA MAIS&#8230;<\/a><\/p>\n","protected":false},"excerpt":{"rendered":"<p>Fonte: BE News Ap\u00f3s 62 dias, o Governo Federal volta a ter um secret\u00e1rio nacional de Portos e Transportes Aquavi\u00e1rios. Foi publicada na edi\u00e7\u00e3o desta sexta-feira, dia 3, do Di\u00e1rio Oficial da Uni\u00e3o, na se\u00e7\u00e3o 2, a Portaria n. 1.902, que nomeia o consultor portu\u00e1rio Fabrizio Pierdomenico para exercer o cargo no Minist\u00e9rio de Portos [&hellip;]<\/p>\n","protected":false},"author":66,"featured_media":0,"comment_status":"open","ping_status":"open","sticky":false,"template":"","format":"standard","meta":{"footnotes":""},"categories":[105],"tags":[],"_links":{"self":[{"href":"https:\/\/acs.org.br\/academy\/wp-json\/wp\/v2\/posts\/114781"}],"collection":[{"href":"https:\/\/acs.org.br\/academy\/wp-json\/wp\/v2\/posts"}],"about":[{"href":"https:\/\/acs.org.br\/academy\/wp-json\/wp\/v2\/types\/post"}],"author":[{"embeddable":true,"href":"https:\/\/acs.org.br\/academy\/wp-json\/wp\/v2\/users\/66"}],"replies":[{"embeddable":true,"href":"https:\/\/acs.org.br\/academy\/wp-json\/wp\/v2\/comments?post=114781"}],"version-history":[{"count":1,"href":"https:\/\/acs.org.br\/academy\/wp-json\/wp\/v2\/posts\/114781\/revisions"}],"predecessor-version":[{"id":114789,"href":"https:\/\/acs.org.br\/academy\/wp-json\/wp\/v2\/posts\/114781\/revisions\/114789"}],"wp:attachment":[{"href":"https:\/\/acs.org.br\/academy\/wp-json\/wp\/v2\/media?parent=114781"}],"wp:term":[{"taxonomy":"category","embeddable":true,"href":"https:\/\/acs.org.br\/academy\/wp-json\/wp\/v2\/categories?post=114781"},{"taxonomy":"post_tag","embeddable":true,"href":"https:\/\/acs.org.br\/academy\/wp-json\/wp\/v2\/tags?post=114781"}],"curies":[{"name":"wp","href":"https:\/\/api.w.org\/{rel}","templated":true}]}}