{"id":114738,"date":"2023-03-02T13:36:00","date_gmt":"2023-03-02T16:36:00","guid":{"rendered":"https:\/\/acs.org.br\/antigo\/?p=114738"},"modified":"2023-03-02T13:36:00","modified_gmt":"2023-03-02T16:36:00","slug":"cafe-brasil-exporta-42-a-menos-de-cafe-em-fevereiro-aponta-secex","status":"publish","type":"post","link":"https:\/\/acs.org.br\/academy\/cafe-brasil-exporta-42-a-menos-de-cafe-em-fevereiro-aponta-secex\/","title":{"rendered":"CAF\u00c9: Brasil exporta 42% a menos de caf\u00e9 em fevereiro, aponta Secex"},"content":{"rendered":"<p>Fonte: Not\u00edcias Agr\u00edcolas \u00a0<\/p>\n<p>Em meio \u00e0s incertezas de oferta global de caf\u00e9 e de muita volatilidade para os pre\u00e7os, os dados da Secretaria de Com\u00e9rcio Exterior (Secex) indicaram nesta quarta-feira (1) que o Brasil exportou 42% a menos de caf\u00e9 em fevereiro, com embarque de 2.040 milh\u00f5es de sacas. No mesmo per\u00edodo em 2022 o pa\u00eds embarcou 3.471 milh\u00f5es de sacas.<\/p>\n<p><a href=\"https:\/\/www.noticiasagricolas.com.br\/noticias\/cafe\/342502-brasil-exporta-42-a-menos-de-cafe-em-fevereiro-aponta-secex.html#.ZAC85XbMLIU\">LEIA MAIS&#8230;<\/a><\/p>\n","protected":false},"excerpt":{"rendered":"<p>Fonte: Not\u00edcias Agr\u00edcolas \u00a0 Em meio \u00e0s incertezas de oferta global de caf\u00e9 e de muita volatilidade para os pre\u00e7os, os dados da Secretaria de Com\u00e9rcio Exterior (Secex) indicaram nesta quarta-feira (1) que o Brasil exportou 42% a menos de caf\u00e9 em fevereiro, com embarque de 2.040 milh\u00f5es de sacas. No mesmo per\u00edodo em 2022 [&hellip;]<\/p>\n","protected":false},"author":66,"featured_media":0,"comment_status":"open","ping_status":"open","sticky":false,"template":"","format":"standard","meta":{"footnotes":""},"categories":[105],"tags":[],"_links":{"self":[{"href":"https:\/\/acs.org.br\/academy\/wp-json\/wp\/v2\/posts\/114738"}],"collection":[{"href":"https:\/\/acs.org.br\/academy\/wp-json\/wp\/v2\/posts"}],"about":[{"href":"https:\/\/acs.org.br\/academy\/wp-json\/wp\/v2\/types\/post"}],"author":[{"embeddable":true,"href":"https:\/\/acs.org.br\/academy\/wp-json\/wp\/v2\/users\/66"}],"replies":[{"embeddable":true,"href":"https:\/\/acs.org.br\/academy\/wp-json\/wp\/v2\/comments?post=114738"}],"version-history":[{"count":1,"href":"https:\/\/acs.org.br\/academy\/wp-json\/wp\/v2\/posts\/114738\/revisions"}],"predecessor-version":[{"id":114744,"href":"https:\/\/acs.org.br\/academy\/wp-json\/wp\/v2\/posts\/114738\/revisions\/114744"}],"wp:attachment":[{"href":"https:\/\/acs.org.br\/academy\/wp-json\/wp\/v2\/media?parent=114738"}],"wp:term":[{"taxonomy":"category","embeddable":true,"href":"https:\/\/acs.org.br\/academy\/wp-json\/wp\/v2\/categories?post=114738"},{"taxonomy":"post_tag","embeddable":true,"href":"https:\/\/acs.org.br\/academy\/wp-json\/wp\/v2\/tags?post=114738"}],"curies":[{"name":"wp","href":"https:\/\/api.w.org\/{rel}","templated":true}]}}