{"id":114737,"date":"2023-03-02T13:35:35","date_gmt":"2023-03-02T16:35:35","guid":{"rendered":"https:\/\/acs.org.br\/antigo\/?p=114737"},"modified":"2023-03-02T13:35:35","modified_gmt":"2023-03-02T16:35:35","slug":"cafe-projeto-visa-fortalecer-mercado-de-cafe-atraves-da-digitalizacao-de-indicacoes-geograficas","status":"publish","type":"post","link":"https:\/\/acs.org.br\/academy\/cafe-projeto-visa-fortalecer-mercado-de-cafe-atraves-da-digitalizacao-de-indicacoes-geograficas\/","title":{"rendered":"CAF\u00c9: Projeto visa fortalecer mercado de caf\u00e9 atrav\u00e9s da digitaliza\u00e7\u00e3o de Indica\u00e7\u00f5es Geogr\u00e1ficas"},"content":{"rendered":"<p>Fonte: Caf\u00e9 Point<\/p>\n<p>O Sebrae, a Ag\u00eancia Brasileira de Desenvolvimento Industrial (ABDI) e o Instituto CNA est\u00e3o juntos realizando o projeto Digitaliza\u00e7\u00e3o das IGs de Caf\u00e9, com objetivo de fortalecer o mercado de produtos com Indica\u00e7\u00e3o Geogr\u00e1fica (IG). A iniciativa ser\u00e1 implementada ainda neste ano, com o apoio do Minist\u00e9rio do Desenvolvimento, Ind\u00fastria, Com\u00e9rcio e Servi\u00e7os (MDIC).<\/p>\n<p>A proposta visa desenvolver um sistema para fomentar o controle e a rastreabilidade das regi\u00f5es produtoras de caf\u00e9 e o seu relacionamento com o mercado nacional e internacional, al\u00e9m de potencializar refer\u00eancias como qualidade e origem dos gr\u00e3os produzidos no pa\u00eds.<\/p>\n<p><a href=\"https:\/\/www.cafepoint.com.br\/noticias\/giro-de-noticias\/projeto-visa-fortalecer-mercado-de-cafe-atraves-da-digitalizacao-de-indicacoes-geograficas-232938\/\">LEIA MAIS&#8230;<\/a><\/p>\n","protected":false},"excerpt":{"rendered":"<p>Fonte: Caf\u00e9 Point O Sebrae, a Ag\u00eancia Brasileira de Desenvolvimento Industrial (ABDI) e o Instituto CNA est\u00e3o juntos realizando o projeto Digitaliza\u00e7\u00e3o das IGs de Caf\u00e9, com objetivo de fortalecer o mercado de produtos com Indica\u00e7\u00e3o Geogr\u00e1fica (IG). A iniciativa ser\u00e1 implementada ainda neste ano, com o apoio do Minist\u00e9rio do Desenvolvimento, Ind\u00fastria, Com\u00e9rcio e [&hellip;]<\/p>\n","protected":false},"author":66,"featured_media":0,"comment_status":"open","ping_status":"open","sticky":false,"template":"","format":"standard","meta":{"footnotes":""},"categories":[105],"tags":[],"_links":{"self":[{"href":"https:\/\/acs.org.br\/academy\/wp-json\/wp\/v2\/posts\/114737"}],"collection":[{"href":"https:\/\/acs.org.br\/academy\/wp-json\/wp\/v2\/posts"}],"about":[{"href":"https:\/\/acs.org.br\/academy\/wp-json\/wp\/v2\/types\/post"}],"author":[{"embeddable":true,"href":"https:\/\/acs.org.br\/academy\/wp-json\/wp\/v2\/users\/66"}],"replies":[{"embeddable":true,"href":"https:\/\/acs.org.br\/academy\/wp-json\/wp\/v2\/comments?post=114737"}],"version-history":[{"count":1,"href":"https:\/\/acs.org.br\/academy\/wp-json\/wp\/v2\/posts\/114737\/revisions"}],"predecessor-version":[{"id":114743,"href":"https:\/\/acs.org.br\/academy\/wp-json\/wp\/v2\/posts\/114737\/revisions\/114743"}],"wp:attachment":[{"href":"https:\/\/acs.org.br\/academy\/wp-json\/wp\/v2\/media?parent=114737"}],"wp:term":[{"taxonomy":"category","embeddable":true,"href":"https:\/\/acs.org.br\/academy\/wp-json\/wp\/v2\/categories?post=114737"},{"taxonomy":"post_tag","embeddable":true,"href":"https:\/\/acs.org.br\/academy\/wp-json\/wp\/v2\/tags?post=114737"}],"curies":[{"name":"wp","href":"https:\/\/api.w.org\/{rel}","templated":true}]}}