{"id":114736,"date":"2023-03-02T13:34:53","date_gmt":"2023-03-02T16:34:53","guid":{"rendered":"https:\/\/acs.org.br\/antigo\/?p=114736"},"modified":"2023-03-02T13:34:53","modified_gmt":"2023-03-02T16:34:53","slug":"mundo-aliados-de-putin-xi-jinping-e-lukashenko-pedem-paz-o-mais-breve-possivel-na-ucrania","status":"publish","type":"post","link":"https:\/\/acs.org.br\/academy\/mundo-aliados-de-putin-xi-jinping-e-lukashenko-pedem-paz-o-mais-breve-possivel-na-ucrania\/","title":{"rendered":"MUNDO: Aliados de Putin, Xi Jinping e Lukashenko pedem paz \u201co mais breve poss\u00edvel\u201d na Ucr\u00e2nia"},"content":{"rendered":"<p>Fonte: CNN Brasil<\/p>\n<p>Os presidentes da China, Xi Jinping, e de Belarus, Alexander Lukashenko, pediram um acordo de paz \u201co mais r\u00e1pido poss\u00edvel\u201d para a Ucr\u00e2nia em negocia\u00e7\u00f5es em Pequim nesta quarta-feira (1\u00ba), informou a ag\u00eancia de not\u00edcias estatal belarussa Belta.<\/p>\n<p>A c\u00fapula reuniu dois dos l\u00edderes estrangeiros de quem o presidente russo, Vladimir Putin, mais depende para obter apoio enquanto seu ex\u00e9rcito luta para alcan\u00e7ar os objetivos de sua invas\u00e3o de um ano.<\/p>\n<p><a href=\"https:\/\/www.cnnbrasil.com.br\/internacional\/aliados-de-putin-xi-jinping-e-lukashenko-pedem-paz-o-mais-breve-possivel-na-ucrania\/\">LEIA MAIS&#8230;<\/a><\/p>\n","protected":false},"excerpt":{"rendered":"<p>Fonte: CNN Brasil Os presidentes da China, Xi Jinping, e de Belarus, Alexander Lukashenko, pediram um acordo de paz \u201co mais r\u00e1pido poss\u00edvel\u201d para a Ucr\u00e2nia em negocia\u00e7\u00f5es em Pequim nesta quarta-feira (1\u00ba), informou a ag\u00eancia de not\u00edcias estatal belarussa Belta. A c\u00fapula reuniu dois dos l\u00edderes estrangeiros de quem o presidente russo, Vladimir Putin, [&hellip;]<\/p>\n","protected":false},"author":66,"featured_media":0,"comment_status":"open","ping_status":"open","sticky":false,"template":"","format":"standard","meta":{"footnotes":""},"categories":[105],"tags":[],"_links":{"self":[{"href":"https:\/\/acs.org.br\/academy\/wp-json\/wp\/v2\/posts\/114736"}],"collection":[{"href":"https:\/\/acs.org.br\/academy\/wp-json\/wp\/v2\/posts"}],"about":[{"href":"https:\/\/acs.org.br\/academy\/wp-json\/wp\/v2\/types\/post"}],"author":[{"embeddable":true,"href":"https:\/\/acs.org.br\/academy\/wp-json\/wp\/v2\/users\/66"}],"replies":[{"embeddable":true,"href":"https:\/\/acs.org.br\/academy\/wp-json\/wp\/v2\/comments?post=114736"}],"version-history":[{"count":1,"href":"https:\/\/acs.org.br\/academy\/wp-json\/wp\/v2\/posts\/114736\/revisions"}],"predecessor-version":[{"id":114742,"href":"https:\/\/acs.org.br\/academy\/wp-json\/wp\/v2\/posts\/114736\/revisions\/114742"}],"wp:attachment":[{"href":"https:\/\/acs.org.br\/academy\/wp-json\/wp\/v2\/media?parent=114736"}],"wp:term":[{"taxonomy":"category","embeddable":true,"href":"https:\/\/acs.org.br\/academy\/wp-json\/wp\/v2\/categories?post=114736"},{"taxonomy":"post_tag","embeddable":true,"href":"https:\/\/acs.org.br\/academy\/wp-json\/wp\/v2\/tags?post=114736"}],"curies":[{"name":"wp","href":"https:\/\/api.w.org\/{rel}","templated":true}]}}