{"id":114734,"date":"2023-03-02T13:34:24","date_gmt":"2023-03-02T16:34:24","guid":{"rendered":"https:\/\/acs.org.br\/antigo\/?p=114734"},"modified":"2023-03-02T13:34:24","modified_gmt":"2023-03-02T16:34:24","slug":"atualidades-obras-de-fundacao-de-conjunto-com-136-moradias-sao-iniciadas-na-ponta-da-praia","status":"publish","type":"post","link":"https:\/\/acs.org.br\/academy\/atualidades-obras-de-fundacao-de-conjunto-com-136-moradias-sao-iniciadas-na-ponta-da-praia\/","title":{"rendered":"ATUALIDADES: Obras de funda\u00e7\u00e3o de conjunto com 136 moradias s\u00e3o iniciadas na Ponta da Praia"},"content":{"rendered":"<p>Fonte: Boqnews<\/p>\n<p>O in\u00edcio das obras do Residencial Novo Horizonte, conjunto habitacional que ter\u00e1 dois pr\u00e9dios e 136 apartamentos na Vila Sapo (Ponta da Praia), em Santos, j\u00e1 est\u00e1 vis\u00edvel com o estaqueamento do empreendimento, iniciado na \u00faltima quarta-feira (1).<\/p>\n<p>Sendo assim, tratando dos n\u00fameros, or\u00e7amento de R$ 25,2 milh\u00f5es, com aportes do governo federal (R$ 12,9 milh\u00f5es) e estadual (R$ 12,3 milh\u00f5es).<\/p>\n<p><a href=\"https:\/\/www.boqnews.com\/cidades\/obras-de-136-moradias-na-ponta-da-praia-em-santos-entram-na-etapa-de-fundacao\/\">LEIA MAIS&#8230;<\/a><\/p>\n","protected":false},"excerpt":{"rendered":"<p>Fonte: Boqnews O in\u00edcio das obras do Residencial Novo Horizonte, conjunto habitacional que ter\u00e1 dois pr\u00e9dios e 136 apartamentos na Vila Sapo (Ponta da Praia), em Santos, j\u00e1 est\u00e1 vis\u00edvel com o estaqueamento do empreendimento, iniciado na \u00faltima quarta-feira (1). Sendo assim, tratando dos n\u00fameros, or\u00e7amento de R$ 25,2 milh\u00f5es, com aportes do governo federal [&hellip;]<\/p>\n","protected":false},"author":66,"featured_media":0,"comment_status":"open","ping_status":"open","sticky":false,"template":"","format":"standard","meta":{"footnotes":""},"categories":[105],"tags":[],"_links":{"self":[{"href":"https:\/\/acs.org.br\/academy\/wp-json\/wp\/v2\/posts\/114734"}],"collection":[{"href":"https:\/\/acs.org.br\/academy\/wp-json\/wp\/v2\/posts"}],"about":[{"href":"https:\/\/acs.org.br\/academy\/wp-json\/wp\/v2\/types\/post"}],"author":[{"embeddable":true,"href":"https:\/\/acs.org.br\/academy\/wp-json\/wp\/v2\/users\/66"}],"replies":[{"embeddable":true,"href":"https:\/\/acs.org.br\/academy\/wp-json\/wp\/v2\/comments?post=114734"}],"version-history":[{"count":1,"href":"https:\/\/acs.org.br\/academy\/wp-json\/wp\/v2\/posts\/114734\/revisions"}],"predecessor-version":[{"id":114741,"href":"https:\/\/acs.org.br\/academy\/wp-json\/wp\/v2\/posts\/114734\/revisions\/114741"}],"wp:attachment":[{"href":"https:\/\/acs.org.br\/academy\/wp-json\/wp\/v2\/media?parent=114734"}],"wp:term":[{"taxonomy":"category","embeddable":true,"href":"https:\/\/acs.org.br\/academy\/wp-json\/wp\/v2\/categories?post=114734"},{"taxonomy":"post_tag","embeddable":true,"href":"https:\/\/acs.org.br\/academy\/wp-json\/wp\/v2\/tags?post=114734"}],"curies":[{"name":"wp","href":"https:\/\/api.w.org\/{rel}","templated":true}]}}