{"id":114723,"date":"2023-03-02T13:19:28","date_gmt":"2023-03-02T16:19:28","guid":{"rendered":"https:\/\/acs.org.br\/antigo\/?p=114723"},"modified":"2023-03-02T13:19:28","modified_gmt":"2023-03-02T16:19:28","slug":"porto-novas-diretorias-nas-docas-ministro-de-portos-estuda-nomes","status":"publish","type":"post","link":"https:\/\/acs.org.br\/academy\/porto-novas-diretorias-nas-docas-ministro-de-portos-estuda-nomes\/","title":{"rendered":"PORTO: Novas diretorias nas Docas: ministro de Portos estuda nomes"},"content":{"rendered":"<p>Fonte: BE News<\/p>\n<p>O ministro de Portos e Aeroportos, M\u00e1rcio Fran\u00e7a (PSB), tem trabalho na sele\u00e7\u00e3o dos executivos que v\u00e3o comandar as autoridades portu\u00e1rias controladas pela Uni\u00e3o. Essa \u00e9 uma tarefa que ele faz quest\u00e3o de fazer, dada a import\u00e2ncia que a gest\u00e3o dos portos tem para o pr\u00f3prio sucesso de sua gest\u00e3o. E Fran\u00e7a n\u00e3o pretende divulgar os nomes considerados antes do an\u00fancio oficial.<\/p>\n<p>Mas j\u00e1 se sabe que, para o Porto de Santos (SP), o mais importante do Pa\u00eds, um dos mais cotados \u00e9 um profissional do Direito pouco conhecido no setor, mas bem pr\u00f3ximo do titular da pasta.<\/p>\n<p><a href=\"https:\/\/portalbenews.com.br\/editoria\/hub\/novas-diretorias-nas-docas-ministro-estuda-nomes\/\">LEIA MAIS&#8230;<\/a><\/p>\n","protected":false},"excerpt":{"rendered":"<p>Fonte: BE News O ministro de Portos e Aeroportos, M\u00e1rcio Fran\u00e7a (PSB), tem trabalho na sele\u00e7\u00e3o dos executivos que v\u00e3o comandar as autoridades portu\u00e1rias controladas pela Uni\u00e3o. Essa \u00e9 uma tarefa que ele faz quest\u00e3o de fazer, dada a import\u00e2ncia que a gest\u00e3o dos portos tem para o pr\u00f3prio sucesso de sua gest\u00e3o. E Fran\u00e7a [&hellip;]<\/p>\n","protected":false},"author":66,"featured_media":0,"comment_status":"open","ping_status":"open","sticky":false,"template":"","format":"standard","meta":{"footnotes":""},"categories":[105],"tags":[],"_links":{"self":[{"href":"https:\/\/acs.org.br\/academy\/wp-json\/wp\/v2\/posts\/114723"}],"collection":[{"href":"https:\/\/acs.org.br\/academy\/wp-json\/wp\/v2\/posts"}],"about":[{"href":"https:\/\/acs.org.br\/academy\/wp-json\/wp\/v2\/types\/post"}],"author":[{"embeddable":true,"href":"https:\/\/acs.org.br\/academy\/wp-json\/wp\/v2\/users\/66"}],"replies":[{"embeddable":true,"href":"https:\/\/acs.org.br\/academy\/wp-json\/wp\/v2\/comments?post=114723"}],"version-history":[{"count":1,"href":"https:\/\/acs.org.br\/academy\/wp-json\/wp\/v2\/posts\/114723\/revisions"}],"predecessor-version":[{"id":114729,"href":"https:\/\/acs.org.br\/academy\/wp-json\/wp\/v2\/posts\/114723\/revisions\/114729"}],"wp:attachment":[{"href":"https:\/\/acs.org.br\/academy\/wp-json\/wp\/v2\/media?parent=114723"}],"wp:term":[{"taxonomy":"category","embeddable":true,"href":"https:\/\/acs.org.br\/academy\/wp-json\/wp\/v2\/categories?post=114723"},{"taxonomy":"post_tag","embeddable":true,"href":"https:\/\/acs.org.br\/academy\/wp-json\/wp\/v2\/tags?post=114723"}],"curies":[{"name":"wp","href":"https:\/\/api.w.org\/{rel}","templated":true}]}}