{"id":114704,"date":"2023-03-01T11:30:54","date_gmt":"2023-03-01T14:30:54","guid":{"rendered":"https:\/\/acs.org.br\/antigo\/?p=114704"},"modified":"2023-03-01T11:30:54","modified_gmt":"2023-03-01T14:30:54","slug":"comercio-exterior-recordes-seguidos-do-agronegocio","status":"publish","type":"post","link":"https:\/\/acs.org.br\/academy\/comercio-exterior-recordes-seguidos-do-agronegocio\/","title":{"rendered":"COM\u00c9RCIO EXTERIOR: Recordes seguidos do agroneg\u00f3cio"},"content":{"rendered":"<p>Fonte: A Tribuna<\/p>\n<p>A impress\u00e3o que se tem \u00e9 de que a expans\u00e3o das safras agr\u00edcolas no Pa\u00eds se d\u00e1 exclusivamente por novas \u00e1reas destinadas ao plantio, com avan\u00e7o sobre as matas. Entretanto, o uso da tecnologia permitiu que o agricultor brasileiro conseguisse aumentar a produ\u00e7\u00e3o sem ter que igualmente expandir sua fazenda.<\/p>\n<p><a href=\"https:\/\/www.atribuna.com.br\/opiniao\/editorialatribuna\/recordes-seguidos-do-agronegocio\">LEIA MAIS&#8230;<\/a><\/p>\n","protected":false},"excerpt":{"rendered":"<p>Fonte: A Tribuna A impress\u00e3o que se tem \u00e9 de que a expans\u00e3o das safras agr\u00edcolas no Pa\u00eds se d\u00e1 exclusivamente por novas \u00e1reas destinadas ao plantio, com avan\u00e7o sobre as matas. Entretanto, o uso da tecnologia permitiu que o agricultor brasileiro conseguisse aumentar a produ\u00e7\u00e3o sem ter que igualmente expandir sua fazenda. LEIA MAIS&#8230;<\/p>\n","protected":false},"author":66,"featured_media":0,"comment_status":"open","ping_status":"open","sticky":false,"template":"","format":"standard","meta":{"footnotes":""},"categories":[105],"tags":[],"_links":{"self":[{"href":"https:\/\/acs.org.br\/academy\/wp-json\/wp\/v2\/posts\/114704"}],"collection":[{"href":"https:\/\/acs.org.br\/academy\/wp-json\/wp\/v2\/posts"}],"about":[{"href":"https:\/\/acs.org.br\/academy\/wp-json\/wp\/v2\/types\/post"}],"author":[{"embeddable":true,"href":"https:\/\/acs.org.br\/academy\/wp-json\/wp\/v2\/users\/66"}],"replies":[{"embeddable":true,"href":"https:\/\/acs.org.br\/academy\/wp-json\/wp\/v2\/comments?post=114704"}],"version-history":[{"count":1,"href":"https:\/\/acs.org.br\/academy\/wp-json\/wp\/v2\/posts\/114704\/revisions"}],"predecessor-version":[{"id":114705,"href":"https:\/\/acs.org.br\/academy\/wp-json\/wp\/v2\/posts\/114704\/revisions\/114705"}],"wp:attachment":[{"href":"https:\/\/acs.org.br\/academy\/wp-json\/wp\/v2\/media?parent=114704"}],"wp:term":[{"taxonomy":"category","embeddable":true,"href":"https:\/\/acs.org.br\/academy\/wp-json\/wp\/v2\/categories?post=114704"},{"taxonomy":"post_tag","embeddable":true,"href":"https:\/\/acs.org.br\/academy\/wp-json\/wp\/v2\/tags?post=114704"}],"curies":[{"name":"wp","href":"https:\/\/api.w.org\/{rel}","templated":true}]}}