{"id":114701,"date":"2023-03-01T11:31:41","date_gmt":"2023-03-01T14:31:41","guid":{"rendered":"https:\/\/acs.org.br\/antigo\/?p=114701"},"modified":"2023-03-01T11:31:41","modified_gmt":"2023-03-01T14:31:41","slug":"cafe-valor-bruto-da-producao-da-agropecuaria-mineira-deve-alcancar-r-132-bilhoes","status":"publish","type":"post","link":"https:\/\/acs.org.br\/academy\/cafe-valor-bruto-da-producao-da-agropecuaria-mineira-deve-alcancar-r-132-bilhoes\/","title":{"rendered":"CAF\u00c9: Valor Bruto da Produ\u00e7\u00e3o da agropecu\u00e1ria mineira deve alcan\u00e7ar R$ 132 bilh\u00f5es"},"content":{"rendered":"<p>Fonte: Caf\u00e9 Point<\/p>\n<p>Estimativa feita pelo Minist\u00e9rio da Agricultura e Pecu\u00e1ria, a partir de dados do Instituto Brasileiro de Geografia e Estat\u00edstica (IBGE), da Companhia Nacional de Abastecimento (Conab) e do Centro de Estudos Avan\u00e7ados em Economia Aplicada (Cepea\/USP), destaca que o Valor Bruto da Produ\u00e7\u00e3o (VBP) da agropecu\u00e1ria mineira deve alcan\u00e7ar, neste ano, R$ 132,1 bilh\u00f5es.<\/p>\n<p><a href=\"https:\/\/www.cafepoint.com.br\/noticias\/giro-de-noticias\/valor-bruto-da-producao-da-agropecuaria-mineira-deve-alcancar-r-132-bilhoes-232926\/\">LEIA MAIS&#8230;<\/a><\/p>\n","protected":false},"excerpt":{"rendered":"<p>Fonte: Caf\u00e9 Point Estimativa feita pelo Minist\u00e9rio da Agricultura e Pecu\u00e1ria, a partir de dados do Instituto Brasileiro de Geografia e Estat\u00edstica (IBGE), da Companhia Nacional de Abastecimento (Conab) e do Centro de Estudos Avan\u00e7ados em Economia Aplicada (Cepea\/USP), destaca que o Valor Bruto da Produ\u00e7\u00e3o (VBP) da agropecu\u00e1ria mineira deve alcan\u00e7ar, neste ano, R$ [&hellip;]<\/p>\n","protected":false},"author":66,"featured_media":0,"comment_status":"open","ping_status":"open","sticky":false,"template":"","format":"standard","meta":{"footnotes":""},"categories":[105],"tags":[],"_links":{"self":[{"href":"https:\/\/acs.org.br\/academy\/wp-json\/wp\/v2\/posts\/114701"}],"collection":[{"href":"https:\/\/acs.org.br\/academy\/wp-json\/wp\/v2\/posts"}],"about":[{"href":"https:\/\/acs.org.br\/academy\/wp-json\/wp\/v2\/types\/post"}],"author":[{"embeddable":true,"href":"https:\/\/acs.org.br\/academy\/wp-json\/wp\/v2\/users\/66"}],"replies":[{"embeddable":true,"href":"https:\/\/acs.org.br\/academy\/wp-json\/wp\/v2\/comments?post=114701"}],"version-history":[{"count":1,"href":"https:\/\/acs.org.br\/academy\/wp-json\/wp\/v2\/posts\/114701\/revisions"}],"predecessor-version":[{"id":114707,"href":"https:\/\/acs.org.br\/academy\/wp-json\/wp\/v2\/posts\/114701\/revisions\/114707"}],"wp:attachment":[{"href":"https:\/\/acs.org.br\/academy\/wp-json\/wp\/v2\/media?parent=114701"}],"wp:term":[{"taxonomy":"category","embeddable":true,"href":"https:\/\/acs.org.br\/academy\/wp-json\/wp\/v2\/categories?post=114701"},{"taxonomy":"post_tag","embeddable":true,"href":"https:\/\/acs.org.br\/academy\/wp-json\/wp\/v2\/tags?post=114701"}],"curies":[{"name":"wp","href":"https:\/\/api.w.org\/{rel}","templated":true}]}}