{"id":114700,"date":"2023-03-01T11:31:17","date_gmt":"2023-03-01T14:31:17","guid":{"rendered":"https:\/\/acs.org.br\/antigo\/?p=114700"},"modified":"2023-03-01T11:31:17","modified_gmt":"2023-03-01T14:31:17","slug":"meio-ambiente-ao-lado-de-marina-kerry-diz-que-os-estados-unidos-estao-comprometidos-em-colaborar-com-o-fundo-amazonia","status":"publish","type":"post","link":"https:\/\/acs.org.br\/academy\/meio-ambiente-ao-lado-de-marina-kerry-diz-que-os-estados-unidos-estao-comprometidos-em-colaborar-com-o-fundo-amazonia\/","title":{"rendered":"MEIO AMBIENTE: Ao lado de Marina, Kerry diz que os Estados Unidos est\u00e3o comprometidos em colaborar com o Fundo Amaz\u00f4nia"},"content":{"rendered":"<p>Fonte: G1<\/p>\n<p>A ministra do Meio Ambiente, Marina Silva, e o assessor especial do governo norte-americano para o clima, John Kerry, deram uma declara\u00e7\u00e3o \u00e0 imprensa nesta ter\u00e7a-feira (28), em Bras\u00edlia, ap\u00f3s reuni\u00e3o. Kerry disse que os Estados Unidos &#8220;est\u00e3o comprometidos em colaborar com o Fundo Amaz\u00f4nia&#8221;.<\/p>\n<p><a href=\"https:\/\/g1.globo.com\/politica\/noticia\/2023\/02\/28\/apos-reuniao-marina-e-kerry-dao-declaracao-a-imprensa.ghtml\">LEIA MAIS&#8230;<\/a><\/p>\n","protected":false},"excerpt":{"rendered":"<p>Fonte: G1 A ministra do Meio Ambiente, Marina Silva, e o assessor especial do governo norte-americano para o clima, John Kerry, deram uma declara\u00e7\u00e3o \u00e0 imprensa nesta ter\u00e7a-feira (28), em Bras\u00edlia, ap\u00f3s reuni\u00e3o. Kerry disse que os Estados Unidos &#8220;est\u00e3o comprometidos em colaborar com o Fundo Amaz\u00f4nia&#8221;. LEIA MAIS&#8230;<\/p>\n","protected":false},"author":66,"featured_media":0,"comment_status":"open","ping_status":"open","sticky":false,"template":"","format":"standard","meta":{"footnotes":""},"categories":[105],"tags":[],"_links":{"self":[{"href":"https:\/\/acs.org.br\/academy\/wp-json\/wp\/v2\/posts\/114700"}],"collection":[{"href":"https:\/\/acs.org.br\/academy\/wp-json\/wp\/v2\/posts"}],"about":[{"href":"https:\/\/acs.org.br\/academy\/wp-json\/wp\/v2\/types\/post"}],"author":[{"embeddable":true,"href":"https:\/\/acs.org.br\/academy\/wp-json\/wp\/v2\/users\/66"}],"replies":[{"embeddable":true,"href":"https:\/\/acs.org.br\/academy\/wp-json\/wp\/v2\/comments?post=114700"}],"version-history":[{"count":1,"href":"https:\/\/acs.org.br\/academy\/wp-json\/wp\/v2\/posts\/114700\/revisions"}],"predecessor-version":[{"id":114706,"href":"https:\/\/acs.org.br\/academy\/wp-json\/wp\/v2\/posts\/114700\/revisions\/114706"}],"wp:attachment":[{"href":"https:\/\/acs.org.br\/academy\/wp-json\/wp\/v2\/media?parent=114700"}],"wp:term":[{"taxonomy":"category","embeddable":true,"href":"https:\/\/acs.org.br\/academy\/wp-json\/wp\/v2\/categories?post=114700"},{"taxonomy":"post_tag","embeddable":true,"href":"https:\/\/acs.org.br\/academy\/wp-json\/wp\/v2\/tags?post=114700"}],"curies":[{"name":"wp","href":"https:\/\/api.w.org\/{rel}","templated":true}]}}