{"id":114692,"date":"2023-03-01T11:30:22","date_gmt":"2023-03-01T14:30:22","guid":{"rendered":"https:\/\/acs.org.br\/antigo\/?p=114692"},"modified":"2023-03-01T11:30:22","modified_gmt":"2023-03-01T14:30:22","slug":"economia-divida-publica-cai-3-e-atinge-r-58-tri-em-janeiro","status":"publish","type":"post","link":"https:\/\/acs.org.br\/academy\/economia-divida-publica-cai-3-e-atinge-r-58-tri-em-janeiro\/","title":{"rendered":"ECONOMIA: D\u00edvida p\u00fablica cai 3% e atinge R$ 5,8 tri em janeiro"},"content":{"rendered":"<p>Fonte: Poder 360<\/p>\n<p>A d\u00edvida p\u00fablica caiu 3,07% em janeiro na compara\u00e7\u00e3o com o m\u00eas anterior. Atingiu R$ 5,77 trilh\u00f5es. O valor inclui os d\u00e9bitos do governo no Brasil e no exterior.<\/p>\n<p>A reserva de liquidez apresentou redu\u00e7\u00e3o de 18,92%, passando de R$ 1.175,80 bilh\u00f5es, em dezembro, para R$ 953,39 bilh\u00f5es, em janeiro. Corresponde a 7,6 meses de vencimento. \u00c9 a menor desde abril de 2021.<\/p>\n<p><a href=\"https:\/\/www.poder360.com.br\/economia\/divida-publica-cai-3-e-atinge-r-58-tri-em-janeiro\/\">LEIA MAIS&#8230;<\/a><\/p>\n","protected":false},"excerpt":{"rendered":"<p>Fonte: Poder 360 A d\u00edvida p\u00fablica caiu 3,07% em janeiro na compara\u00e7\u00e3o com o m\u00eas anterior. Atingiu R$ 5,77 trilh\u00f5es. O valor inclui os d\u00e9bitos do governo no Brasil e no exterior. A reserva de liquidez apresentou redu\u00e7\u00e3o de 18,92%, passando de R$ 1.175,80 bilh\u00f5es, em dezembro, para R$ 953,39 bilh\u00f5es, em janeiro. Corresponde a [&hellip;]<\/p>\n","protected":false},"author":66,"featured_media":0,"comment_status":"open","ping_status":"open","sticky":false,"template":"","format":"standard","meta":{"footnotes":""},"categories":[105],"tags":[],"_links":{"self":[{"href":"https:\/\/acs.org.br\/academy\/wp-json\/wp\/v2\/posts\/114692"}],"collection":[{"href":"https:\/\/acs.org.br\/academy\/wp-json\/wp\/v2\/posts"}],"about":[{"href":"https:\/\/acs.org.br\/academy\/wp-json\/wp\/v2\/types\/post"}],"author":[{"embeddable":true,"href":"https:\/\/acs.org.br\/academy\/wp-json\/wp\/v2\/users\/66"}],"replies":[{"embeddable":true,"href":"https:\/\/acs.org.br\/academy\/wp-json\/wp\/v2\/comments?post=114692"}],"version-history":[{"count":1,"href":"https:\/\/acs.org.br\/academy\/wp-json\/wp\/v2\/posts\/114692\/revisions"}],"predecessor-version":[{"id":114699,"href":"https:\/\/acs.org.br\/academy\/wp-json\/wp\/v2\/posts\/114692\/revisions\/114699"}],"wp:attachment":[{"href":"https:\/\/acs.org.br\/academy\/wp-json\/wp\/v2\/media?parent=114692"}],"wp:term":[{"taxonomy":"category","embeddable":true,"href":"https:\/\/acs.org.br\/academy\/wp-json\/wp\/v2\/categories?post=114692"},{"taxonomy":"post_tag","embeddable":true,"href":"https:\/\/acs.org.br\/academy\/wp-json\/wp\/v2\/tags?post=114692"}],"curies":[{"name":"wp","href":"https:\/\/api.w.org\/{rel}","templated":true}]}}