{"id":114690,"date":"2023-03-01T11:29:27","date_gmt":"2023-03-01T14:29:27","guid":{"rendered":"https:\/\/acs.org.br\/antigo\/?p=114690"},"modified":"2023-03-01T11:29:27","modified_gmt":"2023-03-01T14:29:27","slug":"economia-desemprego-no-brasil-cai-para-93-em-2022-o-menor-patamar-desde-2015","status":"publish","type":"post","link":"https:\/\/acs.org.br\/academy\/economia-desemprego-no-brasil-cai-para-93-em-2022-o-menor-patamar-desde-2015\/","title":{"rendered":"ECONOMIA: Desemprego no Brasil cai para 9,3% em 2022, o menor patamar desde 2015"},"content":{"rendered":"<p>Fonte: ISTO\u00c9<\/p>\n<p>A taxa de desocupa\u00e7\u00e3o em 2022 foi de 9,3%. O resultado anual \u00e9 o menor desde 2015, de acordo com os dados do Instituto Brasileiro de Geografia e Estat\u00edstica (IBGE) divulgados nesta ter\u00e7a-feira.<\/p>\n<p>O Brasil encerrou o quarto trimestre de 2022 com recuo da taxa de desemprego, consolidando uma tend\u00eancia de recupera\u00e7\u00e3o do mercado do trabalho ap\u00f3s o impacto da pandemia.<\/p>\n<p><a href=\"https:\/\/istoe.com.br\/desemprego-no-brasil-cai-para-93-em-2022-o-menor-patamar-desde-2015\/\">LEIA MAIS&#8230;<\/a><\/p>\n","protected":false},"excerpt":{"rendered":"<p>Fonte: ISTO\u00c9 A taxa de desocupa\u00e7\u00e3o em 2022 foi de 9,3%. O resultado anual \u00e9 o menor desde 2015, de acordo com os dados do Instituto Brasileiro de Geografia e Estat\u00edstica (IBGE) divulgados nesta ter\u00e7a-feira. O Brasil encerrou o quarto trimestre de 2022 com recuo da taxa de desemprego, consolidando uma tend\u00eancia de recupera\u00e7\u00e3o do [&hellip;]<\/p>\n","protected":false},"author":66,"featured_media":0,"comment_status":"open","ping_status":"open","sticky":false,"template":"","format":"standard","meta":{"footnotes":""},"categories":[105],"tags":[],"_links":{"self":[{"href":"https:\/\/acs.org.br\/academy\/wp-json\/wp\/v2\/posts\/114690"}],"collection":[{"href":"https:\/\/acs.org.br\/academy\/wp-json\/wp\/v2\/posts"}],"about":[{"href":"https:\/\/acs.org.br\/academy\/wp-json\/wp\/v2\/types\/post"}],"author":[{"embeddable":true,"href":"https:\/\/acs.org.br\/academy\/wp-json\/wp\/v2\/users\/66"}],"replies":[{"embeddable":true,"href":"https:\/\/acs.org.br\/academy\/wp-json\/wp\/v2\/comments?post=114690"}],"version-history":[{"count":1,"href":"https:\/\/acs.org.br\/academy\/wp-json\/wp\/v2\/posts\/114690\/revisions"}],"predecessor-version":[{"id":114697,"href":"https:\/\/acs.org.br\/academy\/wp-json\/wp\/v2\/posts\/114690\/revisions\/114697"}],"wp:attachment":[{"href":"https:\/\/acs.org.br\/academy\/wp-json\/wp\/v2\/media?parent=114690"}],"wp:term":[{"taxonomy":"category","embeddable":true,"href":"https:\/\/acs.org.br\/academy\/wp-json\/wp\/v2\/categories?post=114690"},{"taxonomy":"post_tag","embeddable":true,"href":"https:\/\/acs.org.br\/academy\/wp-json\/wp\/v2\/tags?post=114690"}],"curies":[{"name":"wp","href":"https:\/\/api.w.org\/{rel}","templated":true}]}}