{"id":114645,"date":"2023-02-28T13:17:52","date_gmt":"2023-02-28T16:17:52","guid":{"rendered":"https:\/\/acs.org.br\/antigo\/?p=114645"},"modified":"2023-02-28T13:17:52","modified_gmt":"2023-02-28T16:17:52","slug":"cafe-exportacoes-de-cafe-do-vietna-caem-131-no-1o-bimestre","status":"publish","type":"post","link":"https:\/\/acs.org.br\/academy\/cafe-exportacoes-de-cafe-do-vietna-caem-131-no-1o-bimestre\/","title":{"rendered":"CAF\u00c9: Exporta\u00e7\u00f5es de caf\u00e9 do Vietn\u00e3 caem 13,1% no 1\u00ba bimestre"},"content":{"rendered":"<p>Fonte: Not\u00edcias Agr\u00edcolas \u00a0<\/p>\n<p>As exporta\u00e7\u00f5es de caf\u00e9 do Vietn\u00e3 devem ter ca\u00eddo 13,1% nos primeiros dois meses de 2023 em rela\u00e7\u00e3o ao ano anterior, para 323.000 toneladas, equivalente a 5 milh\u00f5es de sacas de 60 kg, estimou o Escrit\u00f3rio de Estat\u00edsticas Gerais na ter\u00e7a-feira.<\/p>\n<p><a href=\"https:\/\/www.noticiasagricolas.com.br\/noticias\/cafe\/342320-exportacoes-de-cafe-do-vietna-caem-131-no-1o-bimestre.html#.Y_4aLXbMLIU\">LEIA MAIS&#8230;<\/a><\/p>\n","protected":false},"excerpt":{"rendered":"<p>Fonte: Not\u00edcias Agr\u00edcolas \u00a0 As exporta\u00e7\u00f5es de caf\u00e9 do Vietn\u00e3 devem ter ca\u00eddo 13,1% nos primeiros dois meses de 2023 em rela\u00e7\u00e3o ao ano anterior, para 323.000 toneladas, equivalente a 5 milh\u00f5es de sacas de 60 kg, estimou o Escrit\u00f3rio de Estat\u00edsticas Gerais na ter\u00e7a-feira. LEIA MAIS&#8230;<\/p>\n","protected":false},"author":66,"featured_media":0,"comment_status":"open","ping_status":"open","sticky":false,"template":"","format":"standard","meta":{"footnotes":""},"categories":[105],"tags":[],"_links":{"self":[{"href":"https:\/\/acs.org.br\/academy\/wp-json\/wp\/v2\/posts\/114645"}],"collection":[{"href":"https:\/\/acs.org.br\/academy\/wp-json\/wp\/v2\/posts"}],"about":[{"href":"https:\/\/acs.org.br\/academy\/wp-json\/wp\/v2\/types\/post"}],"author":[{"embeddable":true,"href":"https:\/\/acs.org.br\/academy\/wp-json\/wp\/v2\/users\/66"}],"replies":[{"embeddable":true,"href":"https:\/\/acs.org.br\/academy\/wp-json\/wp\/v2\/comments?post=114645"}],"version-history":[{"count":1,"href":"https:\/\/acs.org.br\/academy\/wp-json\/wp\/v2\/posts\/114645\/revisions"}],"predecessor-version":[{"id":114650,"href":"https:\/\/acs.org.br\/academy\/wp-json\/wp\/v2\/posts\/114645\/revisions\/114650"}],"wp:attachment":[{"href":"https:\/\/acs.org.br\/academy\/wp-json\/wp\/v2\/media?parent=114645"}],"wp:term":[{"taxonomy":"category","embeddable":true,"href":"https:\/\/acs.org.br\/academy\/wp-json\/wp\/v2\/categories?post=114645"},{"taxonomy":"post_tag","embeddable":true,"href":"https:\/\/acs.org.br\/academy\/wp-json\/wp\/v2\/tags?post=114645"}],"curies":[{"name":"wp","href":"https:\/\/api.w.org\/{rel}","templated":true}]}}