{"id":114644,"date":"2023-02-28T13:17:25","date_gmt":"2023-02-28T16:17:25","guid":{"rendered":"https:\/\/acs.org.br\/antigo\/?p=114644"},"modified":"2023-02-28T13:17:25","modified_gmt":"2023-02-28T16:17:25","slug":"cafe-previsao-indica-que-marco-sera-de-muita-chuva-em-boa-parte-do-pais","status":"publish","type":"post","link":"https:\/\/acs.org.br\/academy\/cafe-previsao-indica-que-marco-sera-de-muita-chuva-em-boa-parte-do-pais\/","title":{"rendered":"CAF\u00c9: Previs\u00e3o indica que mar\u00e7o ser\u00e1 de muita chuva em boa parte do pa\u00eds"},"content":{"rendered":"<p>Fonte: Caf\u00e9 Point<\/p>\n<p>Segundo o Meteored Tempo, a previs\u00e3o para o m\u00eas de mar\u00e7o \u00e9 de um per\u00edodo \u00famido e com muita chuva em boa parte do Brasil. As \u00e1guas de mar\u00e7o de fato v\u00e3o ocorrer, com um padr\u00e3o de distribui\u00e7\u00e3o da precipita\u00e7\u00e3o mais concentrado no centro-norte do pa\u00eds. Essa condi\u00e7\u00e3o \u00e9 muito pr\u00f3xima do esperado para esse m\u00eas, mas a consist\u00eancia do per\u00edodo \u00famido 2022\/2023 faz muitos se questionarem se a esta\u00e7\u00e3o chuvosa pode terminar antes.<\/p>\n<p><a href=\"https:\/\/www.cafepoint.com.br\/noticias\/giro-de-noticias\/previsao-indica-que-marco-sera-de-muita-chuva-em-boa-parte-do-pais-232922\/\">LEIA MAIS&#8230;<\/a><\/p>\n","protected":false},"excerpt":{"rendered":"<p>Fonte: Caf\u00e9 Point Segundo o Meteored Tempo, a previs\u00e3o para o m\u00eas de mar\u00e7o \u00e9 de um per\u00edodo \u00famido e com muita chuva em boa parte do Brasil. As \u00e1guas de mar\u00e7o de fato v\u00e3o ocorrer, com um padr\u00e3o de distribui\u00e7\u00e3o da precipita\u00e7\u00e3o mais concentrado no centro-norte do pa\u00eds. Essa condi\u00e7\u00e3o \u00e9 muito pr\u00f3xima do [&hellip;]<\/p>\n","protected":false},"author":66,"featured_media":0,"comment_status":"open","ping_status":"open","sticky":false,"template":"","format":"standard","meta":{"footnotes":""},"categories":[105],"tags":[],"_links":{"self":[{"href":"https:\/\/acs.org.br\/academy\/wp-json\/wp\/v2\/posts\/114644"}],"collection":[{"href":"https:\/\/acs.org.br\/academy\/wp-json\/wp\/v2\/posts"}],"about":[{"href":"https:\/\/acs.org.br\/academy\/wp-json\/wp\/v2\/types\/post"}],"author":[{"embeddable":true,"href":"https:\/\/acs.org.br\/academy\/wp-json\/wp\/v2\/users\/66"}],"replies":[{"embeddable":true,"href":"https:\/\/acs.org.br\/academy\/wp-json\/wp\/v2\/comments?post=114644"}],"version-history":[{"count":1,"href":"https:\/\/acs.org.br\/academy\/wp-json\/wp\/v2\/posts\/114644\/revisions"}],"predecessor-version":[{"id":114649,"href":"https:\/\/acs.org.br\/academy\/wp-json\/wp\/v2\/posts\/114644\/revisions\/114649"}],"wp:attachment":[{"href":"https:\/\/acs.org.br\/academy\/wp-json\/wp\/v2\/media?parent=114644"}],"wp:term":[{"taxonomy":"category","embeddable":true,"href":"https:\/\/acs.org.br\/academy\/wp-json\/wp\/v2\/categories?post=114644"},{"taxonomy":"post_tag","embeddable":true,"href":"https:\/\/acs.org.br\/academy\/wp-json\/wp\/v2\/tags?post=114644"}],"curies":[{"name":"wp","href":"https:\/\/api.w.org\/{rel}","templated":true}]}}