{"id":114643,"date":"2023-02-28T13:17:01","date_gmt":"2023-02-28T16:17:01","guid":{"rendered":"https:\/\/acs.org.br\/antigo\/?p=114643"},"modified":"2023-02-28T13:17:01","modified_gmt":"2023-02-28T16:17:01","slug":"atualidades-turismo-mais-forte-e-reindustrializacao-de-cubatao-entre-as-metas-de-jorge-lima-na-baixada-santista","status":"publish","type":"post","link":"https:\/\/acs.org.br\/academy\/atualidades-turismo-mais-forte-e-reindustrializacao-de-cubatao-entre-as-metas-de-jorge-lima-na-baixada-santista\/","title":{"rendered":"ATUALIDADES: Turismo mais forte e reindustrializa\u00e7\u00e3o de Cubat\u00e3o entre as metas de Jorge Lima na Baixada Santista"},"content":{"rendered":"<p>Fonte: BE News<\/p>\n<p>Com o vi\u00e9s do desenvolvimento regional e do di\u00e1logo com todos os setores, o secret\u00e1rio de Desenvolvimento Econ\u00f4mico do Estado de S\u00e3o Paulo, Jorge Lima, fez uma apresenta\u00e7\u00e3o para lideran\u00e7as pol\u00edticas, empres\u00e1rios e demais convidados, em Santos, sobre os planos da pasta para a regi\u00e3o da Baixada Santista. O encontro de ontem (27), no audit\u00f3rio da Associa\u00e7\u00e3o Comercial de Santos (ACS), foi uma realiza\u00e7\u00e3o em conjunto com o F\u00f3rum Santos Export.<\/p>\n<p><a href=\"https:\/\/portalbenews.com.br\/editoria\/regiao\/regiao-sudeste\/turismo-mais-forte-e-reindustrializacao-de-cubatao-entre-as-metas-de-jorge-lima-na-baixada-santista\/\">LEIA MAIS&#8230;<\/a><\/p>\n","protected":false},"excerpt":{"rendered":"<p>Fonte: BE News Com o vi\u00e9s do desenvolvimento regional e do di\u00e1logo com todos os setores, o secret\u00e1rio de Desenvolvimento Econ\u00f4mico do Estado de S\u00e3o Paulo, Jorge Lima, fez uma apresenta\u00e7\u00e3o para lideran\u00e7as pol\u00edticas, empres\u00e1rios e demais convidados, em Santos, sobre os planos da pasta para a regi\u00e3o da Baixada Santista. O encontro de ontem [&hellip;]<\/p>\n","protected":false},"author":66,"featured_media":0,"comment_status":"open","ping_status":"open","sticky":false,"template":"","format":"standard","meta":{"footnotes":""},"categories":[105],"tags":[],"_links":{"self":[{"href":"https:\/\/acs.org.br\/academy\/wp-json\/wp\/v2\/posts\/114643"}],"collection":[{"href":"https:\/\/acs.org.br\/academy\/wp-json\/wp\/v2\/posts"}],"about":[{"href":"https:\/\/acs.org.br\/academy\/wp-json\/wp\/v2\/types\/post"}],"author":[{"embeddable":true,"href":"https:\/\/acs.org.br\/academy\/wp-json\/wp\/v2\/users\/66"}],"replies":[{"embeddable":true,"href":"https:\/\/acs.org.br\/academy\/wp-json\/wp\/v2\/comments?post=114643"}],"version-history":[{"count":1,"href":"https:\/\/acs.org.br\/academy\/wp-json\/wp\/v2\/posts\/114643\/revisions"}],"predecessor-version":[{"id":114648,"href":"https:\/\/acs.org.br\/academy\/wp-json\/wp\/v2\/posts\/114643\/revisions\/114648"}],"wp:attachment":[{"href":"https:\/\/acs.org.br\/academy\/wp-json\/wp\/v2\/media?parent=114643"}],"wp:term":[{"taxonomy":"category","embeddable":true,"href":"https:\/\/acs.org.br\/academy\/wp-json\/wp\/v2\/categories?post=114643"},{"taxonomy":"post_tag","embeddable":true,"href":"https:\/\/acs.org.br\/academy\/wp-json\/wp\/v2\/tags?post=114643"}],"curies":[{"name":"wp","href":"https:\/\/api.w.org\/{rel}","templated":true}]}}