{"id":114636,"date":"2023-02-28T13:15:38","date_gmt":"2023-02-28T16:15:38","guid":{"rendered":"https:\/\/acs.org.br\/antigo\/?p=114636"},"modified":"2023-02-28T13:15:38","modified_gmt":"2023-02-28T16:15:38","slug":"comercio-exterior-brasil-e-estados-unidos-reforcam-pauta-bilateral-para-o-agro","status":"publish","type":"post","link":"https:\/\/acs.org.br\/academy\/comercio-exterior-brasil-e-estados-unidos-reforcam-pauta-bilateral-para-o-agro\/","title":{"rendered":"COM\u00c9RCIO EXTERIOR: Brasil e Estados Unidos refor\u00e7am pauta bilateral para o agro"},"content":{"rendered":"<p>Fonte: Ag\u00eancia Porto<\/p>\n<p>Na embaixada do Brasil em Washington, Perosa manteve encontro com os adidos agr\u00edcolas brasileiros lotados na Am\u00e9rica do Norte: Adriane Reis Cruvinel (M\u00e9xico), Filipe Guerra Lopes Sathler (EUA) e Paulo M\u00e1rcio Mendon\u00e7a Ara\u00fajo (Canad\u00e1).<\/p>\n<p>Na pauta da reuni\u00e3o, ocorrida nessa quarta-feira (22), foram tratados temas em curso nas respectivas adid\u00e2ncias e a\u00e7\u00f5es futuras que possam ser desenvolvidas em prol do agroneg\u00f3cio brasileiro junto a esses tr\u00eas pa\u00edses.<\/p>\n<p><a href=\"https:\/\/agenciaporto.com\/noticias\/brasil-e-estados-unidos-reforcam-pauta-bilateral-para-o-agro\">LEIA MAIS&#8230;<\/a><\/p>\n","protected":false},"excerpt":{"rendered":"<p>Fonte: Ag\u00eancia Porto Na embaixada do Brasil em Washington, Perosa manteve encontro com os adidos agr\u00edcolas brasileiros lotados na Am\u00e9rica do Norte: Adriane Reis Cruvinel (M\u00e9xico), Filipe Guerra Lopes Sathler (EUA) e Paulo M\u00e1rcio Mendon\u00e7a Ara\u00fajo (Canad\u00e1). Na pauta da reuni\u00e3o, ocorrida nessa quarta-feira (22), foram tratados temas em curso nas respectivas adid\u00e2ncias e a\u00e7\u00f5es [&hellip;]<\/p>\n","protected":false},"author":66,"featured_media":0,"comment_status":"open","ping_status":"open","sticky":false,"template":"","format":"standard","meta":{"footnotes":""},"categories":[105],"tags":[],"_links":{"self":[{"href":"https:\/\/acs.org.br\/academy\/wp-json\/wp\/v2\/posts\/114636"}],"collection":[{"href":"https:\/\/acs.org.br\/academy\/wp-json\/wp\/v2\/posts"}],"about":[{"href":"https:\/\/acs.org.br\/academy\/wp-json\/wp\/v2\/types\/post"}],"author":[{"embeddable":true,"href":"https:\/\/acs.org.br\/academy\/wp-json\/wp\/v2\/users\/66"}],"replies":[{"embeddable":true,"href":"https:\/\/acs.org.br\/academy\/wp-json\/wp\/v2\/comments?post=114636"}],"version-history":[{"count":1,"href":"https:\/\/acs.org.br\/academy\/wp-json\/wp\/v2\/posts\/114636\/revisions"}],"predecessor-version":[{"id":114641,"href":"https:\/\/acs.org.br\/academy\/wp-json\/wp\/v2\/posts\/114636\/revisions\/114641"}],"wp:attachment":[{"href":"https:\/\/acs.org.br\/academy\/wp-json\/wp\/v2\/media?parent=114636"}],"wp:term":[{"taxonomy":"category","embeddable":true,"href":"https:\/\/acs.org.br\/academy\/wp-json\/wp\/v2\/categories?post=114636"},{"taxonomy":"post_tag","embeddable":true,"href":"https:\/\/acs.org.br\/academy\/wp-json\/wp\/v2\/tags?post=114636"}],"curies":[{"name":"wp","href":"https:\/\/api.w.org\/{rel}","templated":true}]}}