{"id":114635,"date":"2023-02-28T13:15:10","date_gmt":"2023-02-28T16:15:10","guid":{"rendered":"https:\/\/acs.org.br\/antigo\/?p=114635"},"modified":"2023-02-28T13:15:10","modified_gmt":"2023-02-28T16:15:10","slug":"economia-governo-de-sp-reduz-carga-tributaria-de-setores-produtivos-ate-o-final-de-2024","status":"publish","type":"post","link":"https:\/\/acs.org.br\/academy\/economia-governo-de-sp-reduz-carga-tributaria-de-setores-produtivos-ate-o-final-de-2024\/","title":{"rendered":"ECONOMIA: Governo de SP reduz carga tribut\u00e1ria de setores produtivos at\u00e9 o final de 2024"},"content":{"rendered":"<p>Fonte: Boqnews<\/p>\n<p>O governador Tarc\u00edsio de Freitas assinou nesta segunda-feira (27) decretos que reduzem a carga tribut\u00e1ria de v\u00e1rios segmentos do setor produtivo paulista at\u00e9 31 de dezembro de 2024.<\/p>\n<p>Sendo assim, as medidas t\u00eam o objetivo de reduzir o custo de produ\u00e7\u00e3o e estimular a economia no Estado de S\u00e3o Paulo.<\/p>\n<p>\u201cEsse \u00e9 um ato em prol da ind\u00fastria de S\u00e3o Paulo. Estamos acionando todas as alavancar dispon\u00edveis para promover o desenvolvimento no Estado. A nossa caminhada vai ser no sentido de promover a reindustrializa\u00e7\u00e3o do Estado e de promover a competitividade da ind\u00fastria paulista.<\/p>\n<p><a href=\"https:\/\/www.boqnews.com\/cidades\/governo-de-sp-reduz-carga-tributaria-de-setores-produtivos-ate-o-final-de-2024\/\">LEIA MAIS&#8230;<\/a><\/p>\n","protected":false},"excerpt":{"rendered":"<p>Fonte: Boqnews O governador Tarc\u00edsio de Freitas assinou nesta segunda-feira (27) decretos que reduzem a carga tribut\u00e1ria de v\u00e1rios segmentos do setor produtivo paulista at\u00e9 31 de dezembro de 2024. Sendo assim, as medidas t\u00eam o objetivo de reduzir o custo de produ\u00e7\u00e3o e estimular a economia no Estado de S\u00e3o Paulo. \u201cEsse \u00e9 um [&hellip;]<\/p>\n","protected":false},"author":66,"featured_media":0,"comment_status":"open","ping_status":"open","sticky":false,"template":"","format":"standard","meta":{"footnotes":""},"categories":[105],"tags":[],"_links":{"self":[{"href":"https:\/\/acs.org.br\/academy\/wp-json\/wp\/v2\/posts\/114635"}],"collection":[{"href":"https:\/\/acs.org.br\/academy\/wp-json\/wp\/v2\/posts"}],"about":[{"href":"https:\/\/acs.org.br\/academy\/wp-json\/wp\/v2\/types\/post"}],"author":[{"embeddable":true,"href":"https:\/\/acs.org.br\/academy\/wp-json\/wp\/v2\/users\/66"}],"replies":[{"embeddable":true,"href":"https:\/\/acs.org.br\/academy\/wp-json\/wp\/v2\/comments?post=114635"}],"version-history":[{"count":1,"href":"https:\/\/acs.org.br\/academy\/wp-json\/wp\/v2\/posts\/114635\/revisions"}],"predecessor-version":[{"id":114640,"href":"https:\/\/acs.org.br\/academy\/wp-json\/wp\/v2\/posts\/114635\/revisions\/114640"}],"wp:attachment":[{"href":"https:\/\/acs.org.br\/academy\/wp-json\/wp\/v2\/media?parent=114635"}],"wp:term":[{"taxonomy":"category","embeddable":true,"href":"https:\/\/acs.org.br\/academy\/wp-json\/wp\/v2\/categories?post=114635"},{"taxonomy":"post_tag","embeddable":true,"href":"https:\/\/acs.org.br\/academy\/wp-json\/wp\/v2\/tags?post=114635"}],"curies":[{"name":"wp","href":"https:\/\/api.w.org\/{rel}","templated":true}]}}