{"id":114634,"date":"2023-02-28T13:14:42","date_gmt":"2023-02-28T16:14:42","guid":{"rendered":"https:\/\/acs.org.br\/antigo\/?p=114634"},"modified":"2023-02-28T13:14:42","modified_gmt":"2023-02-28T16:14:42","slug":"economia-renda-media-real-do-trabalhador-fecha-2022-com-queda-de-1","status":"publish","type":"post","link":"https:\/\/acs.org.br\/academy\/economia-renda-media-real-do-trabalhador-fecha-2022-com-queda-de-1\/","title":{"rendered":"ECONOMIA: Renda m\u00e9dia real do trabalhador fecha 2022 com queda de 1%"},"content":{"rendered":"<p>Fonte: Ag\u00eancia Brasil<\/p>\n<p>O rendimento m\u00e9dio real do trabalhador brasileiro fechou o ano de 2022 em R$ 2.715, valor 1% inferior ao registrado no ano anterior. O dado \u00e9 da Pesquisa Nacional por Amostra de Domic\u00edlios Cont\u00ednua (Pnad), divulgada nesta ter\u00e7a-feira (28) pelo Instituto Brasileiro de Geografia e Estat\u00edstica (IBGE).<\/p>\n<p><a href=\"https:\/\/agenciabrasil.ebc.com.br\/economia\/noticia\/2023-02\/renda-media-real-do-trabalhador-fecha-2022-com-queda-de-1\">LEIA MAIS&#8230;<\/a><\/p>\n","protected":false},"excerpt":{"rendered":"<p>Fonte: Ag\u00eancia Brasil O rendimento m\u00e9dio real do trabalhador brasileiro fechou o ano de 2022 em R$ 2.715, valor 1% inferior ao registrado no ano anterior. O dado \u00e9 da Pesquisa Nacional por Amostra de Domic\u00edlios Cont\u00ednua (Pnad), divulgada nesta ter\u00e7a-feira (28) pelo Instituto Brasileiro de Geografia e Estat\u00edstica (IBGE). LEIA MAIS&#8230;<\/p>\n","protected":false},"author":66,"featured_media":0,"comment_status":"open","ping_status":"open","sticky":false,"template":"","format":"standard","meta":{"footnotes":""},"categories":[105],"tags":[],"_links":{"self":[{"href":"https:\/\/acs.org.br\/academy\/wp-json\/wp\/v2\/posts\/114634"}],"collection":[{"href":"https:\/\/acs.org.br\/academy\/wp-json\/wp\/v2\/posts"}],"about":[{"href":"https:\/\/acs.org.br\/academy\/wp-json\/wp\/v2\/types\/post"}],"author":[{"embeddable":true,"href":"https:\/\/acs.org.br\/academy\/wp-json\/wp\/v2\/users\/66"}],"replies":[{"embeddable":true,"href":"https:\/\/acs.org.br\/academy\/wp-json\/wp\/v2\/comments?post=114634"}],"version-history":[{"count":1,"href":"https:\/\/acs.org.br\/academy\/wp-json\/wp\/v2\/posts\/114634\/revisions"}],"predecessor-version":[{"id":114639,"href":"https:\/\/acs.org.br\/academy\/wp-json\/wp\/v2\/posts\/114634\/revisions\/114639"}],"wp:attachment":[{"href":"https:\/\/acs.org.br\/academy\/wp-json\/wp\/v2\/media?parent=114634"}],"wp:term":[{"taxonomy":"category","embeddable":true,"href":"https:\/\/acs.org.br\/academy\/wp-json\/wp\/v2\/categories?post=114634"},{"taxonomy":"post_tag","embeddable":true,"href":"https:\/\/acs.org.br\/academy\/wp-json\/wp\/v2\/tags?post=114634"}],"curies":[{"name":"wp","href":"https:\/\/api.w.org\/{rel}","templated":true}]}}