{"id":114632,"date":"2023-02-28T13:13:48","date_gmt":"2023-02-28T16:13:48","guid":{"rendered":"https:\/\/acs.org.br\/antigo\/?p=114632"},"modified":"2023-02-28T13:13:48","modified_gmt":"2023-02-28T16:13:48","slug":"economia-combustiveis-haddad-diz-aguardar-posicoes-de-outros-ministerios-para-detalhar-retomada-de-impostos","status":"publish","type":"post","link":"https:\/\/acs.org.br\/academy\/economia-combustiveis-haddad-diz-aguardar-posicoes-de-outros-ministerios-para-detalhar-retomada-de-impostos\/","title":{"rendered":"ECONOMIA: Combust\u00edveis: Haddad diz aguardar posi\u00e7\u00f5es de outros minist\u00e9rios para detalhar retomada de impostos"},"content":{"rendered":"<p>Fonte: G1<\/p>\n<p>O ministro da Fazenda, Fernando Haddad, afirmou nesta ter\u00e7a-feira (28) que o percentual de reajuste dos combust\u00edveis est\u00e1 definido e ser\u00e1 detalhado logo mais, \u00e0s 17h.<\/p>\n<p>&#8220;Est\u00e1 definido, s\u00f3 estamos aguardando umas defini\u00e7\u00f5es de fora do Minist\u00e9rio da Fazenda, do Minist\u00e9rio de Minas Energia, que vai tomar algumas provid\u00eancias. Recebo ministro Alexandre Silveira [de Minas e Energia] \u00e0s 17h&#8221;, declarou a jornalistas.<\/p>\n<p><a href=\"https:\/\/g1.globo.com\/politica\/noticia\/2023\/02\/28\/combustiveis-haddad-diz-aguardar-posicoes-de-outros-ministerios-para-anunciar-retomada-de-impostos.ghtml\">LEIA MAIS&#8230;<\/a><\/p>\n","protected":false},"excerpt":{"rendered":"<p>Fonte: G1 O ministro da Fazenda, Fernando Haddad, afirmou nesta ter\u00e7a-feira (28) que o percentual de reajuste dos combust\u00edveis est\u00e1 definido e ser\u00e1 detalhado logo mais, \u00e0s 17h. &#8220;Est\u00e1 definido, s\u00f3 estamos aguardando umas defini\u00e7\u00f5es de fora do Minist\u00e9rio da Fazenda, do Minist\u00e9rio de Minas Energia, que vai tomar algumas provid\u00eancias. Recebo ministro Alexandre Silveira [&hellip;]<\/p>\n","protected":false},"author":66,"featured_media":0,"comment_status":"open","ping_status":"open","sticky":false,"template":"","format":"standard","meta":{"footnotes":""},"categories":[105],"tags":[],"_links":{"self":[{"href":"https:\/\/acs.org.br\/academy\/wp-json\/wp\/v2\/posts\/114632"}],"collection":[{"href":"https:\/\/acs.org.br\/academy\/wp-json\/wp\/v2\/posts"}],"about":[{"href":"https:\/\/acs.org.br\/academy\/wp-json\/wp\/v2\/types\/post"}],"author":[{"embeddable":true,"href":"https:\/\/acs.org.br\/academy\/wp-json\/wp\/v2\/users\/66"}],"replies":[{"embeddable":true,"href":"https:\/\/acs.org.br\/academy\/wp-json\/wp\/v2\/comments?post=114632"}],"version-history":[{"count":1,"href":"https:\/\/acs.org.br\/academy\/wp-json\/wp\/v2\/posts\/114632\/revisions"}],"predecessor-version":[{"id":114637,"href":"https:\/\/acs.org.br\/academy\/wp-json\/wp\/v2\/posts\/114632\/revisions\/114637"}],"wp:attachment":[{"href":"https:\/\/acs.org.br\/academy\/wp-json\/wp\/v2\/media?parent=114632"}],"wp:term":[{"taxonomy":"category","embeddable":true,"href":"https:\/\/acs.org.br\/academy\/wp-json\/wp\/v2\/categories?post=114632"},{"taxonomy":"post_tag","embeddable":true,"href":"https:\/\/acs.org.br\/academy\/wp-json\/wp\/v2\/tags?post=114632"}],"curies":[{"name":"wp","href":"https:\/\/api.w.org\/{rel}","templated":true}]}}