{"id":114629,"date":"2023-02-28T13:13:19","date_gmt":"2023-02-28T16:13:19","guid":{"rendered":"https:\/\/acs.org.br\/antigo\/?p=114629"},"modified":"2023-02-28T13:13:19","modified_gmt":"2023-02-28T16:13:19","slug":"porto-ministra-do-turismo-se-reune-com-representantes-do-setor-de-cruzeiros-maritimos","status":"publish","type":"post","link":"https:\/\/acs.org.br\/academy\/porto-ministra-do-turismo-se-reune-com-representantes-do-setor-de-cruzeiros-maritimos\/","title":{"rendered":"PORTO: Ministra do Turismo se re\u00fane com representantes do setor de cruzeiros mar\u00edtimos"},"content":{"rendered":"<p>Fonte: Ag\u00eancia Porto<\/p>\n<p>O Porto Maravilha, tamb\u00e9m conhecido como P\u00eder Mau\u00e1, foi palco na manh\u00e3 deste s\u00e1bado (25.02) de um encontro da ministra do Turismo, Daniela Carneiro, com representantes das empresas de cruzeiros mar\u00edtimos que atuam no Brasil e da Associa\u00e7\u00e3o Brasileira de Cruzeiros Mar\u00edtimos (CLIA Brasil). Durante a reuni\u00e3o, realizada no Costa Firenze, foram apresentados \u00e0 ministra dados da pr\u00f3xima temporada de cruzeiros que deve registrar um crescimento de 6% com a oferta de 828 mil leitos e injetar R$ 3,9 bilh\u00f5es na economia brasileira.<\/p>\n<p><a href=\"https:\/\/agenciaporto.com\/noticias\/ministra-do-turismo-se-reune-com-representantes-do-setor-de-cruzeiros-maritimos\">LEIA MAIS&#8230;<\/a><\/p>\n","protected":false},"excerpt":{"rendered":"<p>Fonte: Ag\u00eancia Porto O Porto Maravilha, tamb\u00e9m conhecido como P\u00eder Mau\u00e1, foi palco na manh\u00e3 deste s\u00e1bado (25.02) de um encontro da ministra do Turismo, Daniela Carneiro, com representantes das empresas de cruzeiros mar\u00edtimos que atuam no Brasil e da Associa\u00e7\u00e3o Brasileira de Cruzeiros Mar\u00edtimos (CLIA Brasil). Durante a reuni\u00e3o, realizada no Costa Firenze, foram [&hellip;]<\/p>\n","protected":false},"author":66,"featured_media":0,"comment_status":"open","ping_status":"open","sticky":false,"template":"","format":"standard","meta":{"footnotes":""},"categories":[105],"tags":[],"_links":{"self":[{"href":"https:\/\/acs.org.br\/academy\/wp-json\/wp\/v2\/posts\/114629"}],"collection":[{"href":"https:\/\/acs.org.br\/academy\/wp-json\/wp\/v2\/posts"}],"about":[{"href":"https:\/\/acs.org.br\/academy\/wp-json\/wp\/v2\/types\/post"}],"author":[{"embeddable":true,"href":"https:\/\/acs.org.br\/academy\/wp-json\/wp\/v2\/users\/66"}],"replies":[{"embeddable":true,"href":"https:\/\/acs.org.br\/academy\/wp-json\/wp\/v2\/comments?post=114629"}],"version-history":[{"count":1,"href":"https:\/\/acs.org.br\/academy\/wp-json\/wp\/v2\/posts\/114629\/revisions"}],"predecessor-version":[{"id":114631,"href":"https:\/\/acs.org.br\/academy\/wp-json\/wp\/v2\/posts\/114629\/revisions\/114631"}],"wp:attachment":[{"href":"https:\/\/acs.org.br\/academy\/wp-json\/wp\/v2\/media?parent=114629"}],"wp:term":[{"taxonomy":"category","embeddable":true,"href":"https:\/\/acs.org.br\/academy\/wp-json\/wp\/v2\/categories?post=114629"},{"taxonomy":"post_tag","embeddable":true,"href":"https:\/\/acs.org.br\/academy\/wp-json\/wp\/v2\/tags?post=114629"}],"curies":[{"name":"wp","href":"https:\/\/api.w.org\/{rel}","templated":true}]}}