{"id":114603,"date":"2023-02-27T13:21:14","date_gmt":"2023-02-27T16:21:14","guid":{"rendered":"https:\/\/acs.org.br\/antigo\/?p=114603"},"modified":"2023-02-27T13:21:14","modified_gmt":"2023-02-27T16:21:14","slug":"mundo-china-diz-que-sancoes-dos-eua-a-empresas-por-guerra-na-ucrania-sao-ilegais","status":"publish","type":"post","link":"https:\/\/acs.org.br\/academy\/mundo-china-diz-que-sancoes-dos-eua-a-empresas-por-guerra-na-ucrania-sao-ilegais\/","title":{"rendered":"MUNDO: China diz que san\u00e7\u00f5es dos EUA a empresas por guerra na Ucr\u00e2nia s\u00e3o \u2018ilegais\u2019"},"content":{"rendered":"<p>Fonte: A Tribuna<\/p>\n<p>A China acusou os Estados Unidos de \u201cintimida\u00e7\u00e3o\u201d e uso de \u201cpadr\u00f5es duplos\u201d nesta segunda-feira (27) por imporem o que chamou de san\u00e7\u00f5es \u201cilegais\u201d a empresas chinesas, como parte de iniciativa de Washington contra o Grupo Wagner da R\u00fassia, que est\u00e1 envolvido em intensos combates no leste da Ucr\u00e2nia, al\u00e9m de firmas e indiv\u00edduos relacionados.<\/p>\n<p><a href=\"https:\/\/www.atribuna.com.br\/noticias\/mundo\/china-diz-que-sancoes-dos-eua-a-empresas-por-guerra-na-ucrania-sao-ilegais\">LEIA MAIS&#8230;<\/a><\/p>\n","protected":false},"excerpt":{"rendered":"<p>Fonte: A Tribuna A China acusou os Estados Unidos de \u201cintimida\u00e7\u00e3o\u201d e uso de \u201cpadr\u00f5es duplos\u201d nesta segunda-feira (27) por imporem o que chamou de san\u00e7\u00f5es \u201cilegais\u201d a empresas chinesas, como parte de iniciativa de Washington contra o Grupo Wagner da R\u00fassia, que est\u00e1 envolvido em intensos combates no leste da Ucr\u00e2nia, al\u00e9m de firmas [&hellip;]<\/p>\n","protected":false},"author":66,"featured_media":0,"comment_status":"open","ping_status":"open","sticky":false,"template":"","format":"standard","meta":{"footnotes":""},"categories":[105],"tags":[],"_links":{"self":[{"href":"https:\/\/acs.org.br\/academy\/wp-json\/wp\/v2\/posts\/114603"}],"collection":[{"href":"https:\/\/acs.org.br\/academy\/wp-json\/wp\/v2\/posts"}],"about":[{"href":"https:\/\/acs.org.br\/academy\/wp-json\/wp\/v2\/types\/post"}],"author":[{"embeddable":true,"href":"https:\/\/acs.org.br\/academy\/wp-json\/wp\/v2\/users\/66"}],"replies":[{"embeddable":true,"href":"https:\/\/acs.org.br\/academy\/wp-json\/wp\/v2\/comments?post=114603"}],"version-history":[{"count":1,"href":"https:\/\/acs.org.br\/academy\/wp-json\/wp\/v2\/posts\/114603\/revisions"}],"predecessor-version":[{"id":114606,"href":"https:\/\/acs.org.br\/academy\/wp-json\/wp\/v2\/posts\/114603\/revisions\/114606"}],"wp:attachment":[{"href":"https:\/\/acs.org.br\/academy\/wp-json\/wp\/v2\/media?parent=114603"}],"wp:term":[{"taxonomy":"category","embeddable":true,"href":"https:\/\/acs.org.br\/academy\/wp-json\/wp\/v2\/categories?post=114603"},{"taxonomy":"post_tag","embeddable":true,"href":"https:\/\/acs.org.br\/academy\/wp-json\/wp\/v2\/tags?post=114603"}],"curies":[{"name":"wp","href":"https:\/\/api.w.org\/{rel}","templated":true}]}}