{"id":114602,"date":"2023-02-27T13:20:43","date_gmt":"2023-02-27T16:20:43","guid":{"rendered":"https:\/\/acs.org.br\/antigo\/?p=114602"},"modified":"2023-02-27T13:20:43","modified_gmt":"2023-02-27T16:20:43","slug":"meio-ambiente-enviado-dos-eua-discute-mudancas-climaticas-com-autoridades-do-brasil","status":"publish","type":"post","link":"https:\/\/acs.org.br\/academy\/meio-ambiente-enviado-dos-eua-discute-mudancas-climaticas-com-autoridades-do-brasil\/","title":{"rendered":"MEIO AMBIENTE: Enviado dos EUA discute mudan\u00e7as clim\u00e1ticas com autoridades do Brasil"},"content":{"rendered":"<p>Fonte: Ag\u00eancia Brasil<\/p>\n<p>O assessor especial da Presid\u00eancia dos Estados Unidos para o Clima, John Kerry, chegou a Bras\u00edlia neste domingo (26). De acordo com a embaixada norte-americana no Brasil, a vinda dele confirma que a quest\u00e3o do clima e do meio ambiente \u00e9 prioridade na rela\u00e7\u00e3o bilateral entre os pa\u00edses.<\/p>\n<p><a href=\"https:\/\/agenciabrasil.ebc.com.br\/internacional\/noticia\/2023-02\/enviado-dos-eua-discute-mudancas-climaticas-com-autoridades-do-brasil\">LEIA MAIS&#8230;<\/a><\/p>\n","protected":false},"excerpt":{"rendered":"<p>Fonte: Ag\u00eancia Brasil O assessor especial da Presid\u00eancia dos Estados Unidos para o Clima, John Kerry, chegou a Bras\u00edlia neste domingo (26). De acordo com a embaixada norte-americana no Brasil, a vinda dele confirma que a quest\u00e3o do clima e do meio ambiente \u00e9 prioridade na rela\u00e7\u00e3o bilateral entre os pa\u00edses. LEIA MAIS&#8230;<\/p>\n","protected":false},"author":66,"featured_media":0,"comment_status":"open","ping_status":"open","sticky":false,"template":"","format":"standard","meta":{"footnotes":""},"categories":[105],"tags":[],"_links":{"self":[{"href":"https:\/\/acs.org.br\/academy\/wp-json\/wp\/v2\/posts\/114602"}],"collection":[{"href":"https:\/\/acs.org.br\/academy\/wp-json\/wp\/v2\/posts"}],"about":[{"href":"https:\/\/acs.org.br\/academy\/wp-json\/wp\/v2\/types\/post"}],"author":[{"embeddable":true,"href":"https:\/\/acs.org.br\/academy\/wp-json\/wp\/v2\/users\/66"}],"replies":[{"embeddable":true,"href":"https:\/\/acs.org.br\/academy\/wp-json\/wp\/v2\/comments?post=114602"}],"version-history":[{"count":1,"href":"https:\/\/acs.org.br\/academy\/wp-json\/wp\/v2\/posts\/114602\/revisions"}],"predecessor-version":[{"id":114605,"href":"https:\/\/acs.org.br\/academy\/wp-json\/wp\/v2\/posts\/114602\/revisions\/114605"}],"wp:attachment":[{"href":"https:\/\/acs.org.br\/academy\/wp-json\/wp\/v2\/media?parent=114602"}],"wp:term":[{"taxonomy":"category","embeddable":true,"href":"https:\/\/acs.org.br\/academy\/wp-json\/wp\/v2\/categories?post=114602"},{"taxonomy":"post_tag","embeddable":true,"href":"https:\/\/acs.org.br\/academy\/wp-json\/wp\/v2\/tags?post=114602"}],"curies":[{"name":"wp","href":"https:\/\/api.w.org\/{rel}","templated":true}]}}