{"id":114597,"date":"2023-02-27T13:20:07","date_gmt":"2023-02-27T16:20:07","guid":{"rendered":"https:\/\/acs.org.br\/antigo\/?p=114597"},"modified":"2023-02-27T13:20:07","modified_gmt":"2023-02-27T16:20:07","slug":"economia-imposto-de-renda-2023-declaracoes-pre-preenchidas-e-restituicoes-via-pix-furarao-fila-e-terao-prioridade-no-recebimento","status":"publish","type":"post","link":"https:\/\/acs.org.br\/academy\/economia-imposto-de-renda-2023-declaracoes-pre-preenchidas-e-restituicoes-via-pix-furarao-fila-e-terao-prioridade-no-recebimento\/","title":{"rendered":"ECONOMIA: Imposto de Renda 2023: declara\u00e7\u00f5es pr\u00e9-preenchidas e restitui\u00e7\u00f5es via PIX furar\u00e3o fila e ter\u00e3o prioridade no recebimento"},"content":{"rendered":"<p>Fonte: G1<\/p>\n<p>A Secretaria da Receita Federal informou nesta segunda-feira (27) que ser\u00e1 priorizado o pagamento das restitui\u00e7\u00f5es de contribuintes que adotem o modelo pr\u00e9-preenchido, ou que optem por receber a restitui\u00e7\u00e3o via PIX (sistema de transfer\u00eancias em tempo real).<\/p>\n<p><a href=\"https:\/\/g1.globo.com\/economia\/imposto-de-renda\/noticia\/2023\/02\/27\/imposto-de-renda-2023-declaracoes-pre-preenchidas-e-restituicoes-via-pix-furarao-fila-e-terao-prioridade-no-recebimento.ghtml?utm_source=push&amp;utm_medium=web&amp;utm_campaign=pushwebg1\">LEIA MAIS&#8230;<\/a><\/p>\n","protected":false},"excerpt":{"rendered":"<p>Fonte: G1 A Secretaria da Receita Federal informou nesta segunda-feira (27) que ser\u00e1 priorizado o pagamento das restitui\u00e7\u00f5es de contribuintes que adotem o modelo pr\u00e9-preenchido, ou que optem por receber a restitui\u00e7\u00e3o via PIX (sistema de transfer\u00eancias em tempo real). LEIA MAIS&#8230;<\/p>\n","protected":false},"author":66,"featured_media":0,"comment_status":"open","ping_status":"open","sticky":false,"template":"","format":"standard","meta":{"footnotes":""},"categories":[105],"tags":[],"_links":{"self":[{"href":"https:\/\/acs.org.br\/academy\/wp-json\/wp\/v2\/posts\/114597"}],"collection":[{"href":"https:\/\/acs.org.br\/academy\/wp-json\/wp\/v2\/posts"}],"about":[{"href":"https:\/\/acs.org.br\/academy\/wp-json\/wp\/v2\/types\/post"}],"author":[{"embeddable":true,"href":"https:\/\/acs.org.br\/academy\/wp-json\/wp\/v2\/users\/66"}],"replies":[{"embeddable":true,"href":"https:\/\/acs.org.br\/academy\/wp-json\/wp\/v2\/comments?post=114597"}],"version-history":[{"count":1,"href":"https:\/\/acs.org.br\/academy\/wp-json\/wp\/v2\/posts\/114597\/revisions"}],"predecessor-version":[{"id":114601,"href":"https:\/\/acs.org.br\/academy\/wp-json\/wp\/v2\/posts\/114597\/revisions\/114601"}],"wp:attachment":[{"href":"https:\/\/acs.org.br\/academy\/wp-json\/wp\/v2\/media?parent=114597"}],"wp:term":[{"taxonomy":"category","embeddable":true,"href":"https:\/\/acs.org.br\/academy\/wp-json\/wp\/v2\/categories?post=114597"},{"taxonomy":"post_tag","embeddable":true,"href":"https:\/\/acs.org.br\/academy\/wp-json\/wp\/v2\/tags?post=114597"}],"curies":[{"name":"wp","href":"https:\/\/api.w.org\/{rel}","templated":true}]}}