{"id":114596,"date":"2023-02-27T13:19:44","date_gmt":"2023-02-27T16:19:44","guid":{"rendered":"https:\/\/acs.org.br\/antigo\/?p=114596"},"modified":"2023-02-27T13:19:44","modified_gmt":"2023-02-27T16:19:44","slug":"economia-mercado-financeiro-preve-crescimento-da-economia-em-084-neste-ano","status":"publish","type":"post","link":"https:\/\/acs.org.br\/academy\/economia-mercado-financeiro-preve-crescimento-da-economia-em-084-neste-ano\/","title":{"rendered":"ECONOMIA: Mercado financeiro prev\u00ea crescimento da economia em 0,84% neste ano"},"content":{"rendered":"<p>Fonte: Ag\u00eancia Brasil<\/p>\n<p>A previs\u00e3o do mercado financeiro para o crescimento da economia brasileira este ano subiu de 0,8% para 0,84%. A estimativa est\u00e1 no boletim Focus de hoje (27), pesquisa divulgada semanalmente pelo Banco Central (BC), com a proje\u00e7\u00e3o para os principais indicadores econ\u00f4micos.<\/p>\n<p><a href=\"https:\/\/agenciabrasil.ebc.com.br\/economia\/noticia\/2023-02\/mercado-financeiro-preve-crescimento-da-economia-em-084\">LEIA MAIS&#8230;<\/a><\/p>\n","protected":false},"excerpt":{"rendered":"<p>Fonte: Ag\u00eancia Brasil A previs\u00e3o do mercado financeiro para o crescimento da economia brasileira este ano subiu de 0,8% para 0,84%. A estimativa est\u00e1 no boletim Focus de hoje (27), pesquisa divulgada semanalmente pelo Banco Central (BC), com a proje\u00e7\u00e3o para os principais indicadores econ\u00f4micos. LEIA MAIS&#8230;<\/p>\n","protected":false},"author":66,"featured_media":0,"comment_status":"open","ping_status":"open","sticky":false,"template":"","format":"standard","meta":{"footnotes":""},"categories":[105],"tags":[],"_links":{"self":[{"href":"https:\/\/acs.org.br\/academy\/wp-json\/wp\/v2\/posts\/114596"}],"collection":[{"href":"https:\/\/acs.org.br\/academy\/wp-json\/wp\/v2\/posts"}],"about":[{"href":"https:\/\/acs.org.br\/academy\/wp-json\/wp\/v2\/types\/post"}],"author":[{"embeddable":true,"href":"https:\/\/acs.org.br\/academy\/wp-json\/wp\/v2\/users\/66"}],"replies":[{"embeddable":true,"href":"https:\/\/acs.org.br\/academy\/wp-json\/wp\/v2\/comments?post=114596"}],"version-history":[{"count":1,"href":"https:\/\/acs.org.br\/academy\/wp-json\/wp\/v2\/posts\/114596\/revisions"}],"predecessor-version":[{"id":114600,"href":"https:\/\/acs.org.br\/academy\/wp-json\/wp\/v2\/posts\/114596\/revisions\/114600"}],"wp:attachment":[{"href":"https:\/\/acs.org.br\/academy\/wp-json\/wp\/v2\/media?parent=114596"}],"wp:term":[{"taxonomy":"category","embeddable":true,"href":"https:\/\/acs.org.br\/academy\/wp-json\/wp\/v2\/categories?post=114596"},{"taxonomy":"post_tag","embeddable":true,"href":"https:\/\/acs.org.br\/academy\/wp-json\/wp\/v2\/tags?post=114596"}],"curies":[{"name":"wp","href":"https:\/\/api.w.org\/{rel}","templated":true}]}}